{"id":6457,"date":"2017-11-10T06:36:01","date_gmt":"2017-11-10T08:36:01","guid":{"rendered":"https:\/\/blogs.correiobraziliense.com.br\/vicente\/?p=6457"},"modified":"2017-11-10T10:52:44","modified_gmt":"2017-11-10T12:52:44","slug":"revolucao-que-o-brasil-tanto-precisa-ainda-esta-por-vir","status":"publish","type":"post","link":"https:\/\/blogs.correiobraziliense.com.br\/vicente\/revolucao-que-o-brasil-tanto-precisa-ainda-esta-por-vir\/","title":{"rendered":"A revolu\u00e7\u00e3o que o Brasil tanto precisa ainda est\u00e1 por vir"},"content":{"rendered":"<p>ANTONIO TEM\u00d3TEO<\/p>\n<p>&nbsp;<\/p>\n<p>Em 1688, com aux\u00edlio de tropas holandesas, Guilherme de Orange invadiu a Inglaterra, derrubou Jaime II do trono, p\u00f4s fim ao regime absolutista e criou o regime de monarquia parlamentar constitucional. Com isso, o rei passou a ser controlado e fiscalizado pelo Parlamento, a Declara\u00e7\u00e3o de Direitos de 1689 foi estabelecida e garantiu o direito \u00e0 propriedade privada, definiu limites para a cobran\u00e7a de impostos e os direitos dos cidad\u00e3os.<\/p>\n<p>&nbsp;<\/p>\n<p>Segundo o economista Marcos Lisboa, presidente da escola de neg\u00f3cios Insper, antes da Revolu\u00e7\u00e3o Gloriosa, a d\u00edvida p\u00fablica da Inglaterra chegava a 1 milh\u00e3o de libras e os juros praticados, a 30%. Ap\u00f3s a coroa\u00e7\u00e3o de Guilherme III e com a cria\u00e7\u00e3o do Banco da Inglaterra \u2014 o primeiro banco central da hist\u00f3ria \u2014, o pa\u00eds passou a ter taxas de juros de 3% e condi\u00e7\u00f5es de emitir d\u00edvida para financiar sua expans\u00e3o. \u201cA Revolu\u00e7\u00e3o Gloriosa foi determinante para o desenvolvimento posterior da Inglaterra\u201d, destaca.<\/p>\n<p>&nbsp;<\/p>\n<p>No Brasil, explica o economista, at\u00e9 a queda do imp\u00e9rio, havia uma forte resist\u00eancia \u00e0 concorr\u00eancia e o pa\u00eds convivia com taxas de analfabetismo enormes. Ap\u00f3s um per\u00edodo de mudan\u00e7as durante o in\u00edcio da Rep\u00fablica, a ditadura de Get\u00falio Vargas imp\u00f4s \u00e0 na\u00e7\u00e3o uma lei trabalhista copiada do fascismo, extremamente paternalista e detalhista. O ideal do desenvolvimentismo voltou a florescer nos governos de Juscelino Kubitschek, de Ernesto Geisel e, mais recentemente, no de Dilma Rousseff.<\/p>\n<p>&nbsp;<\/p>\n<p>Como resultado de uma pol\u00edtica econ\u00f4mica expansionista, entre 2012 e 2017, a d\u00edvida p\u00fablica cresceu 23 pontos percentuais, o pa\u00eds entrou na recess\u00e3o mais profunda da hist\u00f3ria e, se nada for feito, em 2025, a d\u00edvida bruta equivaler\u00e1 a 103% do Produto Interno Bruto (PIB), conforme dados apresentados pelo economista-chefe do Ita\u00fa Unibanco, Mario Mesquita, durante o 1\u00ba Semin\u00e1rio Internacional da D\u00edvida P\u00fablica, realizado pelo Tesouro Nacional. \u201cA trajet\u00f3ria de crescimento da d\u00edvida \u00e9 insustent\u00e1vel. Temos, sim, um problema de solv\u00eancia\u201d, afirma.<\/p>\n<p>&nbsp;<\/p>\n<p><strong>Bala de prata<\/strong><\/p>\n<p>&nbsp;<\/p>\n<p>Tanto o economista do Ita\u00fa quanto Lisboa destacam que n\u00e3o h\u00e1 bala de prata ou f\u00f3rmula m\u00e1gica para que o Brasil saia do atoleiro. Depende de uma s\u00e9rie de reformas para reequilibrar as contas p\u00fablicas e o ambiente de neg\u00f3cios. A primeira delas \u00e9 a da Previd\u00eancia. Sem ela, estima Mesquita, o gasto prim\u00e1rio do governo com o pagamento de benef\u00edcios passar\u00e1 de 42% do total, em 2017, para 47%, em 2020, e para 61%, em 2025. Para piorar, sem as mudan\u00e7as nas regras para concess\u00e3o de benef\u00edcios do Instituto Nacional do Seguro Social (INSS), o teto de gastos ser\u00e1 respeitado, no m\u00e1ximo, at\u00e9 2020.<\/p>\n<p>&nbsp;<\/p>\n<p>O analista do maior banco privado do pa\u00eds ainda ressalta que as regras de reajuste do sal\u00e1rio m\u00ednimo precisam ser revisadas. Para cada 1% de aumento real no piso remunerat\u00f3rio do pa\u00eds, o prim\u00e1rio piora 0,35 ponto percentual do PIB. Em 2025, chegaria a um rombo de 3,8% da gera\u00e7\u00e3o de riquezas no pa\u00eds. Eleva\u00e7\u00f5es no sal\u00e1rio m\u00ednimo afetam 70% das despesas com previd\u00eancia, assist\u00eancia, abono salarial e seguro-desemprego. \u201cNenhum desses problemas \u00e9 novo. J\u00e1 sab\u00edamos disso desde o in\u00edcio do governo Dilma\u201d, alerta Lisboa.<\/p>\n<p>&nbsp;<\/p>\n<p>Nas contas de Mesquita, a aprova\u00e7\u00e3o de uma reforma da Previd\u00eancia desidratada, focada apenas na idade m\u00ednima e em uma retra\u00e7\u00e3o de transi\u00e7\u00e3o id\u00eantica ao parecer do relator, teria impacto positivo de apenas 1% do PIB nas contas p\u00fablicas em 2025. A proposta original teria um efeito de 2% da gera\u00e7\u00e3o de riquezas e o relat\u00f3rio aprovado na comiss\u00e3o especial, de 1,4%. Ele alerta que o caminho para o reequil\u00edbrio fiscal passa por um ajuste de 5 pontos percentuais do PIB em rela\u00e7\u00e3o ao prim\u00e1rio de hoje e de 6,5 pontos se nenhuma reforma for aprovada.<\/p>\n<p>&nbsp;<\/p>\n<p><strong>Mudan\u00e7as<\/strong><\/p>\n<p>&nbsp;<\/p>\n<p>Em meio \u00e0s previs\u00f5es catastr\u00f3ficas para a economia brasileira, parte do Congresso Nacional e de pol\u00edticos ligados \u00e0 esquerda ainda defendem o retorno de medidas que levaram o pa\u00eds \u00e0 maior recess\u00e3o da hist\u00f3ria. \u201cSou mais otimista agora do que h\u00e1 cinco anos. Existe um debate em todo o pa\u00eds e parece que a tend\u00eancia \u00e9 de que, a m\u00e9dio prazo, o pa\u00eds ester\u00e1 em uma situa\u00e7\u00e3o melhor. Mas essas escolhas ser\u00e3o feitas nas elei\u00e7\u00f5es do pr\u00f3ximo ano\u201d, comenta Lisboa.<\/p>\n<p>&nbsp;<\/p>\n<p>O que est\u00e1 em jogo \u00e9 o futuro do pa\u00eds. A aprova\u00e7\u00e3o de reformas \u00e9 essencial para que o Brasil reequilibre as contas p\u00fablicas, volte a atrair investidores e gere empregos com carteira assinada. N\u00e3o h\u00e1 mais espa\u00e7o para o populismo que imperou no Brasil e na Am\u00e9rica Latina durante os \u00faltimos 15 anos. Caso nada seja feito, voltaremos a conviver com hiperinfla\u00e7\u00e3o, juros estratosf\u00e9ricos e uma economia em frangalhos. O Brasil ainda procura sua Revolu\u00e7\u00e3o Gloriosa para que cres\u00e7a de maneira sustent\u00e1vel e esteja seguro para enfrentar futuras turbul\u00eancias econ\u00f4micas.<\/p>\n<p>&nbsp;<\/p>\n<p><em>Bras\u00edlia, 06h36min<\/em><\/p>\n","protected":false},"excerpt":{"rendered":"<p>ANTONIO TEM\u00d3TEO &nbsp; Em 1688, com aux\u00edlio de tropas holandesas, Guilherme de Orange invadiu a Inglaterra, derrubou Jaime II do trono, p\u00f4s fim ao regime absolutista e criou o regime de monarquia parlamentar constitucional. Com isso, o rei passou a ser controlado e fiscalizado pelo Parlamento, a Declara\u00e7\u00e3o de Direitos de 1689 foi estabelecida e [&hellip;]<\/p>\n","protected":false},"author":22,"featured_media":0,"comment_status":"open","ping_status":"closed","sticky":false,"template":"","format":"standard","meta":{"footnotes":""},"categories":[600],"tags":[448,2869,139,2860,429,2870,2868],"class_list":["post-6457","post","type-post","status-publish","format-standard","hentry","category-economia","tag-contas","tag-inglesa","tag-marcos-lisboa","tag-mario-mesquita","tag-previdencia","tag-publicas","tag-revolucao"],"_links":{"self":[{"href":"https:\/\/blogs.correiobraziliense.com.br\/vicente\/wp-json\/wp\/v2\/posts\/6457","targetHints":{"allow":["GET"]}}],"collection":[{"href":"https:\/\/blogs.correiobraziliense.com.br\/vicente\/wp-json\/wp\/v2\/posts"}],"about":[{"href":"https:\/\/blogs.correiobraziliense.com.br\/vicente\/wp-json\/wp\/v2\/types\/post"}],"author":[{"embeddable":true,"href":"https:\/\/blogs.correiobraziliense.com.br\/vicente\/wp-json\/wp\/v2\/users\/22"}],"replies":[{"embeddable":true,"href":"https:\/\/blogs.correiobraziliense.com.br\/vicente\/wp-json\/wp\/v2\/comments?post=6457"}],"version-history":[{"count":1,"href":"https:\/\/blogs.correiobraziliense.com.br\/vicente\/wp-json\/wp\/v2\/posts\/6457\/revisions"}],"predecessor-version":[{"id":6458,"href":"https:\/\/blogs.correiobraziliense.com.br\/vicente\/wp-json\/wp\/v2\/posts\/6457\/revisions\/6458"}],"wp:attachment":[{"href":"https:\/\/blogs.correiobraziliense.com.br\/vicente\/wp-json\/wp\/v2\/media?parent=6457"}],"wp:term":[{"taxonomy":"category","embeddable":true,"href":"https:\/\/blogs.correiobraziliense.com.br\/vicente\/wp-json\/wp\/v2\/categories?post=6457"},{"taxonomy":"post_tag","embeddable":true,"href":"https:\/\/blogs.correiobraziliense.com.br\/vicente\/wp-json\/wp\/v2\/tags?post=6457"}],"curies":[{"name":"wp","href":"https:\/\/api.w.org\/{rel}","templated":true}]}}