{"id":6455,"date":"2017-11-09T18:01:22","date_gmt":"2017-11-09T20:01:22","guid":{"rendered":"https:\/\/blogs.correiobraziliense.com.br\/vicente\/?p=6455"},"modified":"2017-11-09T18:18:22","modified_gmt":"2017-11-09T20:18:22","slug":"rollemberg-muda-o-comando-da-emater-df","status":"publish","type":"post","link":"https:\/\/blogs.correiobraziliense.com.br\/vicente\/rollemberg-muda-o-comando-da-emater-df\/","title":{"rendered":"Rollemberg muda o comando da Emater-DF"},"content":{"rendered":"<p>Sem alarde, o governador do Distrito Federal mudou o comando da Empresa de Assist\u00eancia T\u00e9cnica e Extens\u00e3o Rural (Emater-DF).<\/p>\n<p>&nbsp;<\/p>\n<p>Tirou do cargo Jos\u00e9 Guilherme Leal e deu posse a Roberto Carneiro, funcion\u00e1rio de carreira, h\u00e1 30 anos da empresa.<\/p>\n<p>&nbsp;<\/p>\n<p>O setor agr\u00edcola no DF est\u00e1 em franca expans\u00e3o. A capital do pa\u00eds \u00e9 campe\u00e3 nacional em produtividade de soja e trigo.<\/p>\n<p>&nbsp;<\/p>\n<p><em>Bras\u00edlia, 18h01min<\/em><\/p>\n","protected":false},"excerpt":{"rendered":"<p>Sem alarde, o governador do Distrito Federal mudou o comando da Empresa de Assist\u00eancia T\u00e9cnica e Extens\u00e3o Rural (Emater-DF). &nbsp; Tirou do cargo Jos\u00e9 Guilherme Leal e deu posse a Roberto Carneiro, funcion\u00e1rio de carreira, h\u00e1 30 anos da empresa. &nbsp; O setor agr\u00edcola no DF est\u00e1 em franca expans\u00e3o. A capital do pa\u00eds \u00e9 [&hellip;]<\/p>\n","protected":false},"author":22,"featured_media":0,"comment_status":"open","ping_status":"closed","sticky":false,"template":"","format":"standard","meta":{"footnotes":""},"categories":[600],"tags":[],"class_list":["post-6455","post","type-post","status-publish","format-standard","hentry","category-economia"],"_links":{"self":[{"href":"https:\/\/blogs.correiobraziliense.com.br\/vicente\/wp-json\/wp\/v2\/posts\/6455","targetHints":{"allow":["GET"]}}],"collection":[{"href":"https:\/\/blogs.correiobraziliense.com.br\/vicente\/wp-json\/wp\/v2\/posts"}],"about":[{"href":"https:\/\/blogs.correiobraziliense.com.br\/vicente\/wp-json\/wp\/v2\/types\/post"}],"author":[{"embeddable":true,"href":"https:\/\/blogs.correiobraziliense.com.br\/vicente\/wp-json\/wp\/v2\/users\/22"}],"replies":[{"embeddable":true,"href":"https:\/\/blogs.correiobraziliense.com.br\/vicente\/wp-json\/wp\/v2\/comments?post=6455"}],"version-history":[{"count":1,"href":"https:\/\/blogs.correiobraziliense.com.br\/vicente\/wp-json\/wp\/v2\/posts\/6455\/revisions"}],"predecessor-version":[{"id":6456,"href":"https:\/\/blogs.correiobraziliense.com.br\/vicente\/wp-json\/wp\/v2\/posts\/6455\/revisions\/6456"}],"wp:attachment":[{"href":"https:\/\/blogs.correiobraziliense.com.br\/vicente\/wp-json\/wp\/v2\/media?parent=6455"}],"wp:term":[{"taxonomy":"category","embeddable":true,"href":"https:\/\/blogs.correiobraziliense.com.br\/vicente\/wp-json\/wp\/v2\/categories?post=6455"},{"taxonomy":"post_tag","embeddable":true,"href":"https:\/\/blogs.correiobraziliense.com.br\/vicente\/wp-json\/wp\/v2\/tags?post=6455"}],"curies":[{"name":"wp","href":"https:\/\/api.w.org\/{rel}","templated":true}]}}