{"id":6452,"date":"2017-11-09T15:41:56","date_gmt":"2017-11-09T17:41:56","guid":{"rendered":"https:\/\/blogs.correiobraziliense.com.br\/vicente\/?p=6452"},"modified":"2017-11-09T17:12:19","modified_gmt":"2017-11-09T19:12:19","slug":"ministerio-da-fazenda-manda-funcionarios-recolherem-pertences-temendo-invasao","status":"publish","type":"post","link":"https:\/\/blogs.correiobraziliense.com.br\/vicente\/ministerio-da-fazenda-manda-funcionarios-recolherem-pertences-temendo-invasao\/","title":{"rendered":"Minist\u00e9rio da Fazenda manda funcion\u00e1rios recolherem pertences temendo invas\u00e3o"},"content":{"rendered":"<h2>HAMILTON FERRARI<\/h2>\n<h2><\/h2>\n<h2>Apesar de a For\u00e7a Nacional estar espalhada por toda a Esplanada a fim de manter a ordem nesta sexta-feira, 10, dia de manifesta\u00e7\u00f5es de servidores, o Minist\u00e9rio da Fazenda recomendou a seus funcion\u00e1rios e aos jornalistas que cobrem diariamente a Pasta a recolherem todos os seus pertences. O temor \u00e9 de uma nova invas\u00e3o do pr\u00e9dio.<\/h2>\n<p>&nbsp;<\/p>\n<p>A Fazenda est\u00e1 na mira dos manifestantes. Al\u00e9m das medidas de ajuste fiscal, o minist\u00e9rio comandado por Henrique Meirelles est\u00e1 liderando o debate da reforma da Previd\u00eancia. \u00c9 grande o descontentamento dos trabalhadores em rela\u00e7\u00e3o \u00e0s mudan\u00e7as no sistema previdenci\u00e1rio propostas pelo governo.<\/p>\n<p>&nbsp;<\/p>\n<p>Os servidores est\u00e3o se movimentando pesado para derrubar as medidas provis\u00f3rias encaminhadas pelo governo ao Congresso. Uma delas prev\u00ea o adiamento dos reajustes de sal\u00e1rios de 2018 para 2019. Outra, eleva a contribui\u00e7\u00e3o previdenci\u00e1ria de 11% para 14%.<\/p>\n<p>&nbsp;<\/p>\n<p>O clima \u00e9 de tens\u00e3o no governo. E de sangue nos olhos dos servidores, que se preparam para uma greve geral. Na temperatura que o assunto chegou, o risco de haver conflitos e muito quebra-quebra na Esplanada \u00e9 grande.<\/p>\n<p>&nbsp;<\/p>\n<p><em>Bras\u00edlia, 15h41min<\/em><\/p>\n<p>&nbsp;<\/p>\n","protected":false},"excerpt":{"rendered":"<p>HAMILTON FERRARI Apesar de a For\u00e7a Nacional estar espalhada por toda a Esplanada a fim de manter a ordem nesta sexta-feira, 10, dia de manifesta\u00e7\u00f5es de servidores, o Minist\u00e9rio da Fazenda recomendou a seus funcion\u00e1rios e aos jornalistas que cobrem diariamente a Pasta a recolherem todos os seus pertences. O temor \u00e9 de uma nova [&hellip;]<\/p>\n","protected":false},"author":22,"featured_media":0,"comment_status":"open","ping_status":"closed","sticky":false,"template":"","format":"standard","meta":{"footnotes":""},"categories":[600],"tags":[567,2866,347,370,1836,2867,123],"class_list":["post-6452","post","type-post","status-publish","format-standard","hentry","category-economia","tag-fazenda","tag-forca-nacional","tag-greve","tag-manifestacoes","tag-ministerio","tag-quebra-quebra","tag-servidores"],"_links":{"self":[{"href":"https:\/\/blogs.correiobraziliense.com.br\/vicente\/wp-json\/wp\/v2\/posts\/6452","targetHints":{"allow":["GET"]}}],"collection":[{"href":"https:\/\/blogs.correiobraziliense.com.br\/vicente\/wp-json\/wp\/v2\/posts"}],"about":[{"href":"https:\/\/blogs.correiobraziliense.com.br\/vicente\/wp-json\/wp\/v2\/types\/post"}],"author":[{"embeddable":true,"href":"https:\/\/blogs.correiobraziliense.com.br\/vicente\/wp-json\/wp\/v2\/users\/22"}],"replies":[{"embeddable":true,"href":"https:\/\/blogs.correiobraziliense.com.br\/vicente\/wp-json\/wp\/v2\/comments?post=6452"}],"version-history":[{"count":1,"href":"https:\/\/blogs.correiobraziliense.com.br\/vicente\/wp-json\/wp\/v2\/posts\/6452\/revisions"}],"predecessor-version":[{"id":6453,"href":"https:\/\/blogs.correiobraziliense.com.br\/vicente\/wp-json\/wp\/v2\/posts\/6452\/revisions\/6453"}],"wp:attachment":[{"href":"https:\/\/blogs.correiobraziliense.com.br\/vicente\/wp-json\/wp\/v2\/media?parent=6452"}],"wp:term":[{"taxonomy":"category","embeddable":true,"href":"https:\/\/blogs.correiobraziliense.com.br\/vicente\/wp-json\/wp\/v2\/categories?post=6452"},{"taxonomy":"post_tag","embeddable":true,"href":"https:\/\/blogs.correiobraziliense.com.br\/vicente\/wp-json\/wp\/v2\/tags?post=6452"}],"curies":[{"name":"wp","href":"https:\/\/api.w.org\/{rel}","templated":true}]}}