{"id":6441,"date":"2017-11-09T10:15:19","date_gmt":"2017-11-09T12:15:19","guid":{"rendered":"https:\/\/blogs.correiobraziliense.com.br\/vicente\/?p=6441"},"modified":"2017-11-09T17:06:51","modified_gmt":"2017-11-09T19:06:51","slug":"forca-nacional-ocupa-ministerios-de-olho-em-manifestacoes-de-servidores","status":"publish","type":"post","link":"https:\/\/blogs.correiobraziliense.com.br\/vicente\/forca-nacional-ocupa-ministerios-de-olho-em-manifestacoes-de-servidores\/","title":{"rendered":"For\u00e7a Nacional ocupa minist\u00e9rios de olho em manifesta\u00e7\u00f5es de servidores"},"content":{"rendered":"<figure id=\"attachment_6442\" aria-describedby=\"caption-attachment-6442\" style=\"width: 1024px\" class=\"wp-caption alignnone\"><a href=\"https:\/\/blogs.correiobraziliense.com.br\/vicente\/wp-content\/uploads\/sites\/16\/2017\/11\/vicente1.jpg\" rel=\"attachment wp-att-6442\"><img loading=\"lazy\" decoding=\"async\" class=\"size-large wp-image-6442\" src=\"https:\/\/blogs.correiobraziliense.com.br\/vicente\/wp-content\/uploads\/sites\/16\/2017\/11\/vicente1-1024x576.jpg\" alt=\"For\u00e7a Nacional\" width=\"1024\" height=\"576\" srcset=\"https:\/\/blogs.correiobraziliense.com.br\/vicente\/wp-content\/uploads\/sites\/16\/2017\/11\/vicente1-1024x576.jpg 1024w, https:\/\/blogs.correiobraziliense.com.br\/vicente\/wp-content\/uploads\/sites\/16\/2017\/11\/vicente1-300x169.jpg 300w, https:\/\/blogs.correiobraziliense.com.br\/vicente\/wp-content\/uploads\/sites\/16\/2017\/11\/vicente1-768x432.jpg 768w, https:\/\/blogs.correiobraziliense.com.br\/vicente\/wp-content\/uploads\/sites\/16\/2017\/11\/vicente1-350x197.jpg 350w, https:\/\/blogs.correiobraziliense.com.br\/vicente\/wp-content\/uploads\/sites\/16\/2017\/11\/vicente1-550x310.jpg 550w, https:\/\/blogs.correiobraziliense.com.br\/vicente\/wp-content\/uploads\/sites\/16\/2017\/11\/vicente1-230x129.jpg 230w, https:\/\/blogs.correiobraziliense.com.br\/vicente\/wp-content\/uploads\/sites\/16\/2017\/11\/vicente1.jpg 1032w\" sizes=\"auto, (max-width: 1024px) 100vw, 1024px\" \/><\/a><figcaption id=\"caption-attachment-6442\" class=\"wp-caption-text\">Foto: Luis Nova\/Esp.CB\/D.A Press<\/figcaption><\/figure>\n<h2>Integrantes da For\u00e7a Nacional j\u00e1 est\u00e3o de prontid\u00e3o na Esplanada dos Minist\u00e9rios de olho nas manifesta\u00e7\u00f5es de servidores marcadas para esta sexta-feira, 10. V\u00e1rios deles montaram acampamento em audit\u00f3rios dos minist\u00e9rios, um deles, o do Planejamento, alvo principal dos manifestantes.<\/h2>\n<p>&nbsp;<\/p>\n<p>O objetivo \u00e9 evitar depreda\u00e7\u00f5es do patrim\u00f4nio p\u00fablico. Numa das \u00faltima manifesta\u00e7\u00f5es, o pr\u00e9dio do Minist\u00e9rio da Agricultura foi atacado. Um inc\u00eandio destruiu o audit\u00f3rio do pr\u00e9dio.<\/p>\n<p>&nbsp;<\/p>\n<p>A estrat\u00e9gia de seguran\u00e7a na Esplanada vem sendo colocada em pr\u00e1tica desde o in\u00edcio da semana. O controle nos estacionamentos internos dos pr\u00e9dios foi refor\u00e7ado, indicando que n\u00e3o ser\u00e1 permitida invas\u00e3o de manifestantes.<\/p>\n<p>&nbsp;<\/p>\n<p>Os servidores v\u00e3o protestar contra projetos encaminhados pelo governo ao Congresso que adiam o reajuste salarial de 2018 para 2019, elevam a contribui\u00e7\u00e3o previdenci\u00e1ria de 11% para 14% e limitam o sal\u00e1rio de entrada no servi\u00e7o p\u00fablico a R$ 5 mil.<\/p>\n<p>&nbsp;<\/p>\n<h2>Chance de greve geral<\/h2>\n<p>&nbsp;<\/p>\n<p>Os servidores est\u00e3o dispostos a ir para o tudo ou nada. E devem declarar greve geral. No Congresso, os sindicatos que representam o funcionalismo conseguiram incluir mais de 200 emendas nos projetos do governo. A categoria \u00e9 muito organizada e tem forte tr\u00e2nsito entre deputados e senadores.<\/p>\n<p>&nbsp;<\/p>\n<p>As medidas que atingem os servidores fazem parte do ajuste fiscal. O governo pretende arrecadar R$ 12,6 bilh\u00f5es em 2018. Nesse pacote, est\u00e1 a cobran\u00e7a de impostos sobre fundos exclusivos de investimentos, direcionados aos mais ricos.<\/p>\n<p>&nbsp;<\/p>\n<p>Os servidores alegam que n\u00e3o v\u00e3o arredar p\u00e9. S\u00f3 baixar\u00e3o a guarda depois que o governo suspender as medidas que, segundo eles, trazem preju\u00edzos \u00e0 categoria. Eles acreditam que h\u00e1 outros caminhos para o governo ajustar as contas p\u00fablicas.<\/p>\n<p>&nbsp;<\/p>\n<p>O governo, por sua vez, alega que os servidores precisam dar sua cota da sacrif\u00edcio, pois t\u00eam muitos privil\u00e9gios quando comparados aos trabalhadores da iniciativa privada. Al\u00e9m de terem m\u00e9dia salarial mais alta, desfrutam da estabilidade de emprego. O Brasil tem 13 milh\u00f5es de desempregados v\u00edtimas da crise econ\u00f4mica.<\/p>\n<p>&nbsp;<\/p>\n<p><em>Bras\u00edlia, 10h15min<\/em><\/p>\n","protected":false},"excerpt":{"rendered":"<p>Integrantes da For\u00e7a Nacional j\u00e1 est\u00e3o de prontid\u00e3o na Esplanada dos Minist\u00e9rios de olho nas manifesta\u00e7\u00f5es de servidores marcadas para esta sexta-feira, 10. V\u00e1rios deles montaram acampamento em audit\u00f3rios dos minist\u00e9rios, um deles, o do Planejamento, alvo principal dos manifestantes. &nbsp; O objetivo \u00e9 evitar depreda\u00e7\u00f5es do patrim\u00f4nio p\u00fablico. Numa das \u00faltima manifesta\u00e7\u00f5es, o pr\u00e9dio [&hellip;]<\/p>\n","protected":false},"author":22,"featured_media":0,"comment_status":"open","ping_status":"closed","sticky":false,"template":"","format":"standard","meta":{"footnotes":""},"categories":[600],"tags":[2859,347,370,2609,122,123],"class_list":["post-6441","post","type-post","status-publish","format-standard","hentry","category-economia","tag-forca","tag-greve","tag-manifestacoes","tag-nacional","tag-salarios","tag-servidores"],"_links":{"self":[{"href":"https:\/\/blogs.correiobraziliense.com.br\/vicente\/wp-json\/wp\/v2\/posts\/6441","targetHints":{"allow":["GET"]}}],"collection":[{"href":"https:\/\/blogs.correiobraziliense.com.br\/vicente\/wp-json\/wp\/v2\/posts"}],"about":[{"href":"https:\/\/blogs.correiobraziliense.com.br\/vicente\/wp-json\/wp\/v2\/types\/post"}],"author":[{"embeddable":true,"href":"https:\/\/blogs.correiobraziliense.com.br\/vicente\/wp-json\/wp\/v2\/users\/22"}],"replies":[{"embeddable":true,"href":"https:\/\/blogs.correiobraziliense.com.br\/vicente\/wp-json\/wp\/v2\/comments?post=6441"}],"version-history":[{"count":5,"href":"https:\/\/blogs.correiobraziliense.com.br\/vicente\/wp-json\/wp\/v2\/posts\/6441\/revisions"}],"predecessor-version":[{"id":6454,"href":"https:\/\/blogs.correiobraziliense.com.br\/vicente\/wp-json\/wp\/v2\/posts\/6441\/revisions\/6454"}],"wp:attachment":[{"href":"https:\/\/blogs.correiobraziliense.com.br\/vicente\/wp-json\/wp\/v2\/media?parent=6441"}],"wp:term":[{"taxonomy":"category","embeddable":true,"href":"https:\/\/blogs.correiobraziliense.com.br\/vicente\/wp-json\/wp\/v2\/categories?post=6441"},{"taxonomy":"post_tag","embeddable":true,"href":"https:\/\/blogs.correiobraziliense.com.br\/vicente\/wp-json\/wp\/v2\/tags?post=6441"}],"curies":[{"name":"wp","href":"https:\/\/api.w.org\/{rel}","templated":true}]}}