{"id":6399,"date":"2017-10-31T18:01:31","date_gmt":"2017-10-31T20:01:31","guid":{"rendered":"https:\/\/blogs.correiobraziliense.com.br\/vicente\/?p=6399"},"modified":"2017-10-31T18:24:47","modified_gmt":"2017-10-31T20:24:47","slug":"setor-publico-criou-quase-200-mil-vagas-entre-julho-e-setembro","status":"publish","type":"post","link":"https:\/\/blogs.correiobraziliense.com.br\/vicente\/setor-publico-criou-quase-200-mil-vagas-entre-julho-e-setembro\/","title":{"rendered":"Setor p\u00fablico criou quase 200 mil vagas entre julho e setembro"},"content":{"rendered":"<h2>Apesar da fr\u00e1gil recupera\u00e7\u00e3o da economia e das dificuldades de caixa, o setor p\u00fablico voltou a contratar com tudo. Dados do Instituto Brasileiro de Geografia e Estat\u00edstica (IBGE) mostram que, apenas entre julho e setembro deste ano, prefeituras, governos estaduais e Executivo federal contrataram 191 mil pessoas, um aumento de 1,7% no quadro de servidores, que atingiu 11,5 milh\u00f5es de trabalhadores.<\/h2>\n<p>&nbsp;<\/p>\n<p>Esse forte crescimento surpreendeu os analistas, uma vez que todas as esferas de governo v\u00eam reclamando da falta de recursos e muitas unidade da Federa\u00e7\u00e3o est\u00e3o com os gastos com servidores acima do permitido pela Lei de Responsabilidade Fiscal (LRF). Acredita-se que muitas das contrata\u00e7\u00f5es t\u00eam a ver com acertos pol\u00edticos em troca de apoio. \u00c9 um perigo para a m\u00e1quina p\u00fablica, cuja burocracia consome cada vez mais recursos que poderiam estar sendo destinados para as \u00e1reas sociais.<\/p>\n<p>&nbsp;<\/p>\n<p>No Distrito Federal, a contrata\u00e7\u00e3o est\u00e1 a todo vapor. Depois da aprova\u00e7\u00e3o do novo sistema de previd\u00eancia dos servidores distritais, foram liberados R$ 170 milh\u00f5es por m\u00eas. Com isso, o governador Rodrigo Rollemberg decidiu convocar aprovados em concursos, sobretudo para a \u00e1rea de sa\u00fade. Somente na semana passada, foram mas de 100 convoca\u00e7\u00f5es.<\/p>\n<p>&nbsp;<\/p>\n<p>Mesmo no governo federal, que vinha mantendo o discurso de que os concursos estavam suspensos, o quadro mudou. O ministro do Planejamento, Dyogo Oliveira, ressaltou que, pelo novo projeto de Or\u00e7amento de 2018, encaminhado ao Congresso, a Uni\u00e3o ter\u00e1 R$ 700 milh\u00f5es dispon\u00edveis para contratar servidores. Mas s\u00f3 ser\u00e3o preenchidas vagas que estejam aberta ou que sejam liberadas por meio de aposentadorias de servidores.<\/p>\n<p>&nbsp;<\/p>\n<p>O governo vinha usando o discurso da austeridade para aprovar o aumento das metas fiscais deste ano de 2018, ambas de deficit de at\u00e9 R$ 159 bilh\u00f5es. Para n\u00e3o rasgar todo esse discurso, o Pal\u00e1cio do Planalto encaminhou ao Congresso medidas provis\u00f3rias adiando o reajuste de servidores do ano que vem para 2019 e elevando a contribui\u00e7\u00e3o previdenci\u00e1ria deles de 11% para 14%.<\/p>\n<p>&nbsp;<\/p>\n<p><em>Bras\u00edlia, 18h01min<\/em><\/p>\n","protected":false},"excerpt":{"rendered":"<p>Apesar da fr\u00e1gil recupera\u00e7\u00e3o da economia e das dificuldades de caixa, o setor p\u00fablico voltou a contratar com tudo. Dados do Instituto Brasileiro de Geografia e Estat\u00edstica (IBGE) mostram que, apenas entre julho e setembro deste ano, prefeituras, governos estaduais e Executivo federal contrataram 191 mil pessoas, um aumento de 1,7% no quadro de servidores, [&hellip;]<\/p>\n","protected":false},"author":22,"featured_media":0,"comment_status":"open","ping_status":"closed","sticky":false,"template":"","format":"standard","meta":{"footnotes":""},"categories":[600],"tags":[911,2841,2633,391,2490,123],"class_list":["post-6399","post","type-post","status-publish","format-standard","hentry","category-economia","tag-concursos","tag-contratacao","tag-dyogo","tag-ibge","tag-oliveira","tag-servidores"],"_links":{"self":[{"href":"https:\/\/blogs.correiobraziliense.com.br\/vicente\/wp-json\/wp\/v2\/posts\/6399","targetHints":{"allow":["GET"]}}],"collection":[{"href":"https:\/\/blogs.correiobraziliense.com.br\/vicente\/wp-json\/wp\/v2\/posts"}],"about":[{"href":"https:\/\/blogs.correiobraziliense.com.br\/vicente\/wp-json\/wp\/v2\/types\/post"}],"author":[{"embeddable":true,"href":"https:\/\/blogs.correiobraziliense.com.br\/vicente\/wp-json\/wp\/v2\/users\/22"}],"replies":[{"embeddable":true,"href":"https:\/\/blogs.correiobraziliense.com.br\/vicente\/wp-json\/wp\/v2\/comments?post=6399"}],"version-history":[{"count":1,"href":"https:\/\/blogs.correiobraziliense.com.br\/vicente\/wp-json\/wp\/v2\/posts\/6399\/revisions"}],"predecessor-version":[{"id":6400,"href":"https:\/\/blogs.correiobraziliense.com.br\/vicente\/wp-json\/wp\/v2\/posts\/6399\/revisions\/6400"}],"wp:attachment":[{"href":"https:\/\/blogs.correiobraziliense.com.br\/vicente\/wp-json\/wp\/v2\/media?parent=6399"}],"wp:term":[{"taxonomy":"category","embeddable":true,"href":"https:\/\/blogs.correiobraziliense.com.br\/vicente\/wp-json\/wp\/v2\/categories?post=6399"},{"taxonomy":"post_tag","embeddable":true,"href":"https:\/\/blogs.correiobraziliense.com.br\/vicente\/wp-json\/wp\/v2\/tags?post=6399"}],"curies":[{"name":"wp","href":"https:\/\/api.w.org\/{rel}","templated":true}]}}