{"id":6397,"date":"2017-10-31T15:59:30","date_gmt":"2017-10-31T17:59:30","guid":{"rendered":"https:\/\/blogs.correiobraziliense.com.br\/vicente\/?p=6397"},"modified":"2017-10-31T15:59:30","modified_gmt":"2017-10-31T17:59:30","slug":"apenas-quatro-deputados-prestigiam-presidente-do-bc-na-cmo","status":"publish","type":"post","link":"https:\/\/blogs.correiobraziliense.com.br\/vicente\/apenas-quatro-deputados-prestigiam-presidente-do-bc-na-cmo\/","title":{"rendered":"Apenas quatro deputados prestigiam presidente do BC na CMO"},"content":{"rendered":"<p><span>ANTONIO TEM\u00d3TEO<\/span><\/p>\n<p>&nbsp;<\/p>\n<p>Acostumado a palestrar para audit\u00f3rios lotados, com a presen\u00e7a de empres\u00e1rios, analistas de mercado e economistas, o presidente do Banco Central (BC), Ilan Goldfajn, \u00e9 ouvido por apenas quatro deputados em audi\u00eancia p\u00fablica na Comiss\u00e3o Mista de Or\u00e7amento (CMO) do Congresso Nacional.<\/p>\n<p>&nbsp;<\/p>\n<p>O numero de jornalistas e assessores parlamentares \u00e9 incrivelmente maior do que o de parlamentares. Nem a queda da infla\u00e7\u00e3o e a redu\u00e7\u00e3o dos juros animaram os deputados a prestigiar o chefe da autoridade monet\u00e1ria.<\/p>\n","protected":false},"excerpt":{"rendered":"<p>ANTONIO TEM\u00d3TEO &nbsp; Acostumado a palestrar para audit\u00f3rios lotados, com a presen\u00e7a de empres\u00e1rios, analistas de mercado e economistas, o presidente do Banco Central (BC), Ilan Goldfajn, \u00e9 ouvido por apenas quatro deputados em audi\u00eancia p\u00fablica na Comiss\u00e3o Mista de Or\u00e7amento (CMO) do Congresso Nacional. &nbsp; O numero de jornalistas e assessores parlamentares \u00e9 incrivelmente [&hellip;]<\/p>\n","protected":false},"author":22,"featured_media":0,"comment_status":"open","ping_status":"closed","sticky":false,"template":"","format":"standard","meta":{"footnotes":""},"categories":[600],"tags":[2840,3,106,2839,107],"class_list":["post-6397","post","type-post","status-publish","format-standard","hentry","category-economia","tag-audiencia-publica","tag-banco-central","tag-bc","tag-cmo","tag-ilan-goldfajn"],"_links":{"self":[{"href":"https:\/\/blogs.correiobraziliense.com.br\/vicente\/wp-json\/wp\/v2\/posts\/6397","targetHints":{"allow":["GET"]}}],"collection":[{"href":"https:\/\/blogs.correiobraziliense.com.br\/vicente\/wp-json\/wp\/v2\/posts"}],"about":[{"href":"https:\/\/blogs.correiobraziliense.com.br\/vicente\/wp-json\/wp\/v2\/types\/post"}],"author":[{"embeddable":true,"href":"https:\/\/blogs.correiobraziliense.com.br\/vicente\/wp-json\/wp\/v2\/users\/22"}],"replies":[{"embeddable":true,"href":"https:\/\/blogs.correiobraziliense.com.br\/vicente\/wp-json\/wp\/v2\/comments?post=6397"}],"version-history":[{"count":1,"href":"https:\/\/blogs.correiobraziliense.com.br\/vicente\/wp-json\/wp\/v2\/posts\/6397\/revisions"}],"predecessor-version":[{"id":6398,"href":"https:\/\/blogs.correiobraziliense.com.br\/vicente\/wp-json\/wp\/v2\/posts\/6397\/revisions\/6398"}],"wp:attachment":[{"href":"https:\/\/blogs.correiobraziliense.com.br\/vicente\/wp-json\/wp\/v2\/media?parent=6397"}],"wp:term":[{"taxonomy":"category","embeddable":true,"href":"https:\/\/blogs.correiobraziliense.com.br\/vicente\/wp-json\/wp\/v2\/categories?post=6397"},{"taxonomy":"post_tag","embeddable":true,"href":"https:\/\/blogs.correiobraziliense.com.br\/vicente\/wp-json\/wp\/v2\/tags?post=6397"}],"curies":[{"name":"wp","href":"https:\/\/api.w.org\/{rel}","templated":true}]}}