{"id":6382,"date":"2017-10-27T15:38:54","date_gmt":"2017-10-27T17:38:54","guid":{"rendered":"https:\/\/blogs.correiobraziliense.com.br\/vicente\/?p=6382"},"modified":"2017-10-27T17:23:21","modified_gmt":"2017-10-27T19:23:21","slug":"em-nove-meses-divida-de-aposentados-cresce-r-122-bilhoes","status":"publish","type":"post","link":"https:\/\/blogs.correiobraziliense.com.br\/vicente\/em-nove-meses-divida-de-aposentados-cresce-r-122-bilhoes\/","title":{"rendered":"Em nove meses, d\u00edvida de aposentados cresce R$ 12,2 bilh\u00f5es"},"content":{"rendered":"<h2>HAMILTON FERRARI<\/h2>\n<p>A disposi\u00e7\u00e3o de aposentados e pensionistas do Instituto Nacional do Seguro Social (INSS) em se endividarem est\u00e1 cada vez maior. Dados do Banco Central mostram que, somente entre janeiro e setembro deste ano, as d\u00edvidas desse grupo de consumidores por meio do consignado (desconto em folha) aumentaram R$ 12,2 bilh\u00f5es, ou 12,1%, atingindo R$ 113,1 bilh\u00f5es, novo recorde.<\/p>\n<p>Isso significa dizer que, em m\u00e9dia, as d\u00edvidas de aposentados e pensionistas cresceram R$ 1,36 bilh\u00e3o por m\u00eas. Segundo especialistas, esse aumento est\u00e1 se dando, principalmente, pela necessidade dos idosos de ajudar filhos e parentes, muitos deles desempregados. Segundo o INSS, aposentados e pensionistas s\u00e3o, em boa parte, arrimo de fam\u00edlias.<\/p>\n<p>A aposentada Sandra Conforti, 56 anos, sabe muito bem disso. As duas filhas foram vitimadas pela crise econ\u00f4mica e perderam o emprego. Sem rendimentos, elas est\u00e3o tendo as despesas cobertas pela m\u00e3e. Para Sandra, o \u00fanico jeito de refor\u00e7ar o or\u00e7amento foi se endividando. Ela praticamente esgotou o limite de consigna\u00e7\u00e3o de 35% previsto em lei.<\/p>\n<p>Nos \u00faltimos 12 meses, segundo o BC, os d\u00e9bitos com consignado de benefici\u00e1rios do INSS saltaram 14,3%. No mesmo per\u00edodo, as d\u00edvidas de servidores p\u00fablicos, que totalizam R$ 174,7 bilh\u00f5es nessa modalidade de cr\u00e9dito, aumentaram 4,2% e as de trabalhadores da iniciativa privada recuaram 4,6%.<\/p>\n<p>&nbsp;<\/p>\n<h3>Queda dos juros<\/h3>\n<p>A boa not\u00edcia, na avalia\u00e7\u00e3o do Banco Central, \u00e9 que os juros cobrados nos consignados a aposentados e pensionistas do INSS est\u00e3o caindo. Na m\u00e9dia, fecharam setembro em 27,4% ao ano, o menor n\u00edvel desde dezembro de 2015.<\/p>\n<p>Recentemente, o Minist\u00e9rio do Planejamento reduziu os juros m\u00e1ximos cobrados no cr\u00e9dito consignado para servidores e benefici\u00e1rios do INSS. O governo acredita que, com taxas menores, a procura por cr\u00e9dito pode aumentar, impulsionando o consumo e, por consequ\u00eancia, a economia.<\/p>\n<p>Os especialistas reconhecem que, ante \u00e0s demais linhas de cr\u00e9dito dispon\u00edveis no mercado, o consignado \u00e9 um bom neg\u00f3cio. Mas \u00e9 preciso ter muito cuidado para n\u00e3o se estimular o superendividamento que tanto mal fez \u00e0 economia no governo Dilma Rousseff.<\/p>\n<p>&nbsp;<\/p>\n<p>Bras\u00edlia, \u00a015h38min<\/p>\n","protected":false},"excerpt":{"rendered":"<p>HAMILTON FERRARI A disposi\u00e7\u00e3o de aposentados e pensionistas do Instituto Nacional do Seguro Social (INSS) em se endividarem est\u00e1 cada vez maior. Dados do Banco Central mostram que, somente entre janeiro e setembro deste ano, as d\u00edvidas desse grupo de consumidores por meio do consignado (desconto em folha) aumentaram R$ 12,2 bilh\u00f5es, ou 12,1%, atingindo [&hellip;]<\/p>\n","protected":false},"author":22,"featured_media":0,"comment_status":"open","ping_status":"closed","sticky":false,"template":"","format":"standard","meta":{"footnotes":""},"categories":[600],"tags":[410,3,407,103,217,408,411],"class_list":["post-6382","post","type-post","status-publish","format-standard","hentry","category-economia","tag-aposentados","tag-banco-central","tag-consignado","tag-credito","tag-idosos","tag-inss","tag-pensionistas"],"_links":{"self":[{"href":"https:\/\/blogs.correiobraziliense.com.br\/vicente\/wp-json\/wp\/v2\/posts\/6382","targetHints":{"allow":["GET"]}}],"collection":[{"href":"https:\/\/blogs.correiobraziliense.com.br\/vicente\/wp-json\/wp\/v2\/posts"}],"about":[{"href":"https:\/\/blogs.correiobraziliense.com.br\/vicente\/wp-json\/wp\/v2\/types\/post"}],"author":[{"embeddable":true,"href":"https:\/\/blogs.correiobraziliense.com.br\/vicente\/wp-json\/wp\/v2\/users\/22"}],"replies":[{"embeddable":true,"href":"https:\/\/blogs.correiobraziliense.com.br\/vicente\/wp-json\/wp\/v2\/comments?post=6382"}],"version-history":[{"count":5,"href":"https:\/\/blogs.correiobraziliense.com.br\/vicente\/wp-json\/wp\/v2\/posts\/6382\/revisions"}],"predecessor-version":[{"id":6389,"href":"https:\/\/blogs.correiobraziliense.com.br\/vicente\/wp-json\/wp\/v2\/posts\/6382\/revisions\/6389"}],"wp:attachment":[{"href":"https:\/\/blogs.correiobraziliense.com.br\/vicente\/wp-json\/wp\/v2\/media?parent=6382"}],"wp:term":[{"taxonomy":"category","embeddable":true,"href":"https:\/\/blogs.correiobraziliense.com.br\/vicente\/wp-json\/wp\/v2\/categories?post=6382"},{"taxonomy":"post_tag","embeddable":true,"href":"https:\/\/blogs.correiobraziliense.com.br\/vicente\/wp-json\/wp\/v2\/tags?post=6382"}],"curies":[{"name":"wp","href":"https:\/\/api.w.org\/{rel}","templated":true}]}}