{"id":6364,"date":"2017-10-25T17:39:12","date_gmt":"2017-10-25T19:39:12","guid":{"rendered":"https:\/\/blogs.correiobraziliense.com.br\/vicente\/?p=6364"},"modified":"2017-10-25T18:25:57","modified_gmt":"2017-10-25T20:25:57","slug":"ministro-pagara-multa-de-r-320-mil-se-nao-divulgar-lista-suja","status":"publish","type":"post","link":"https:\/\/blogs.correiobraziliense.com.br\/vicente\/ministro-pagara-multa-de-r-320-mil-se-nao-divulgar-lista-suja\/","title":{"rendered":"Ministro pagar\u00e1 multa de R$ 320 mil se n\u00e3o divulgar lista suja"},"content":{"rendered":"<h2>O Mist\u00e9rio P\u00fablico do Trabalho (MPT) ingressou com um pedido de execu\u00e7\u00e3o da senten\u00e7a, que obrigou o Minist\u00e9rio do Trabalho a publicar a lista suja do trabalho escravo atualizada. A a\u00e7\u00e3o foi ajuizada na 11\u00aa Vara do Tribunal Regional do Trabalho (TRT) de Bras\u00edlia.<\/h2>\n<p>&nbsp;<\/p>\n<p>O MPT pede tanto a publica\u00e7\u00e3o imediata da lista como o pagamento de multa de R$ 320 mil pelo ministro do Trabalho, Ronaldo Nogueira, e pela Uni\u00e3o pela n\u00e3o publica\u00e7\u00e3o \u00a0do documento.<\/p>\n<p>&nbsp;<\/p>\n<p>S\u00e3o v\u00e1rios os argumentos apresentados pelo MPT para cobrar a publica\u00e7\u00e3o do Cadastro Nacional de Empregadores que tenham submetido trabalhadores a condi\u00e7\u00f5es an\u00e1logas \u00e0s de escravo. Para o MPT, a escravid\u00e3o \u00e9 uma das formas mais gravosas de privar o homem de sua dignidade. Na avalia\u00e7\u00e3o dos procuradores, o Cadastro de Empregadores que submetem trabalhadores a condi\u00e7\u00f5es an\u00e1logas \u00e0 de escravo \u00e9 a pol\u00edtica mais importante adotada pelo Estado brasileiro no sentido de combater a escravid\u00e3o contempor\u00e2nea.<\/p>\n<p>&nbsp;<\/p>\n<p>Para o MPT, a Portaria baixado pelo Mist\u00e9rio do Trabalho restringindo a publica\u00e7\u00e3o da lista suja e reduzindo os poderes dos fiscais de punirem empresas que n\u00e3o respeitam a lei \u00e9 ilegal. A inclus\u00e3o de empresas da lista suja s\u00f3 ocorre depois de um amplo per\u00edodo de defesa, de apresenta\u00e7\u00e3o do contradit\u00f3rio. Na lista que o governo insiste em manter sob segredo incluem muitos empregadores reincidentes.<\/p>\n<p>&nbsp;<\/p>\n<p><em>Bras\u00edlia, 17h38min<\/em><\/p>\n","protected":false},"excerpt":{"rendered":"<p>O Mist\u00e9rio P\u00fablico do Trabalho (MPT) ingressou com um pedido de execu\u00e7\u00e3o da senten\u00e7a, que obrigou o Minist\u00e9rio do Trabalho a publicar a lista suja do trabalho escravo atualizada. A a\u00e7\u00e3o foi ajuizada na 11\u00aa Vara do Tribunal Regional do Trabalho (TRT) de Bras\u00edlia. &nbsp; O MPT pede tanto a publica\u00e7\u00e3o imediata da lista como [&hellip;]<\/p>\n","protected":false},"author":22,"featured_media":0,"comment_status":"open","ping_status":"closed","sticky":false,"template":"","format":"standard","meta":{"footnotes":""},"categories":[600],"tags":[],"class_list":["post-6364","post","type-post","status-publish","format-standard","hentry","category-economia"],"_links":{"self":[{"href":"https:\/\/blogs.correiobraziliense.com.br\/vicente\/wp-json\/wp\/v2\/posts\/6364","targetHints":{"allow":["GET"]}}],"collection":[{"href":"https:\/\/blogs.correiobraziliense.com.br\/vicente\/wp-json\/wp\/v2\/posts"}],"about":[{"href":"https:\/\/blogs.correiobraziliense.com.br\/vicente\/wp-json\/wp\/v2\/types\/post"}],"author":[{"embeddable":true,"href":"https:\/\/blogs.correiobraziliense.com.br\/vicente\/wp-json\/wp\/v2\/users\/22"}],"replies":[{"embeddable":true,"href":"https:\/\/blogs.correiobraziliense.com.br\/vicente\/wp-json\/wp\/v2\/comments?post=6364"}],"version-history":[{"count":6,"href":"https:\/\/blogs.correiobraziliense.com.br\/vicente\/wp-json\/wp\/v2\/posts\/6364\/revisions"}],"predecessor-version":[{"id":6370,"href":"https:\/\/blogs.correiobraziliense.com.br\/vicente\/wp-json\/wp\/v2\/posts\/6364\/revisions\/6370"}],"wp:attachment":[{"href":"https:\/\/blogs.correiobraziliense.com.br\/vicente\/wp-json\/wp\/v2\/media?parent=6364"}],"wp:term":[{"taxonomy":"category","embeddable":true,"href":"https:\/\/blogs.correiobraziliense.com.br\/vicente\/wp-json\/wp\/v2\/categories?post=6364"},{"taxonomy":"post_tag","embeddable":true,"href":"https:\/\/blogs.correiobraziliense.com.br\/vicente\/wp-json\/wp\/v2\/tags?post=6364"}],"curies":[{"name":"wp","href":"https:\/\/api.w.org\/{rel}","templated":true}]}}