{"id":6362,"date":"2017-10-25T18:20:47","date_gmt":"2017-10-25T20:20:47","guid":{"rendered":"https:\/\/blogs.correiobraziliense.com.br\/vicente\/?p=6362"},"modified":"2017-10-25T18:20:47","modified_gmt":"2017-10-25T20:20:47","slug":"copom-decide-reduzir-taxa-selic-em-075-ponto-percentual","status":"publish","type":"post","link":"https:\/\/blogs.correiobraziliense.com.br\/vicente\/copom-decide-reduzir-taxa-selic-em-075-ponto-percentual\/","title":{"rendered":"Copom decide reduzir taxa Selic em 0,75 ponto percentual"},"content":{"rendered":"<p>HAMILTON FERRARI<\/p>\n<p>&nbsp;<\/p>\n<p>Na pen\u00faltima reuni\u00e3o de 2017, o Comit\u00ea de Pol\u00edtica Monet\u00e1ria (Copom) do Banco Central anunciou, nesta quarta (25\/10), a redu\u00e7\u00e3o da taxa Selic em 0,75 ponto percentual, saindo de 8,25% ao ano para 7,5% ao ano. O \u00edndice \u00e9 o menor desde abril de 2013 e est\u00e1 perto do piso hist\u00f3rico, ocorrido pela primeira vez em outubro de 2012, quando atingiu 7,25% ao ano. A decis\u00e3o foi un\u00e2nime.<\/p>\n<p>&nbsp;<\/p>\n<p>Com a decis\u00e3o, o BC sinaliza para o mercado que o ciclo de cortes de juros est\u00e1 se encerrado. A mensagem \u00e9 que o Copom vai continuar reduzindo a Selic, mas num ritmo mais lento, para evitar um choque inflacion\u00e1rio nos pr\u00f3ximos anos.<\/p>\n<p>&nbsp;<\/p>\n<p>A pol\u00edtica monet\u00e1ria de corte de juros come\u00e7ou em outubro de 2016, quando a taxa estava em 14,25% ao ano. De l\u00e1 para c\u00e1 foram nove reuni\u00f5es com decis\u00e3o de queda na Selic, sendo que as quatro \u00faltimas o BC decidiu em reduzi-la em 1 ponto percentual. Desde o in\u00edcio, o recuo foi de 6 pontos percentuais.<\/p>\n<p>&nbsp;<\/p>\n<p>Segundo relat\u00f3rio Focus, divulgado pela autoridade monet\u00e1ria, o mercado espera que a Selic termine 2017 em 7% ao ano, mas h\u00e1 agentes esperando que caia ainda mais, para 6,75% ao ano ou 6,5% ao ano. A pr\u00f3xima reuni\u00e3o do Copom ser\u00e1 a \u00faltima do ano e est\u00e1 marcada para o dia 5 de dezembro. Para 2018, a expectativa do mercado \u00e9 que o Banco Central mantenha os juros em 7% ao ano.<\/p>\n<p>&nbsp;<\/p>\n<p>Com a infla\u00e7\u00e3o controlada e a atividade econ\u00f4mica ainda baixa, o BC reduz a Selic para incentivar a economia. O mercado espera um crescimento de 0,7% no Produto Interno Bruto (PIB) neste ano e de 2% em 2018. J\u00e1 a expectativa de infla\u00e7\u00e3o \u00e9 de 3,06% em 2017 e de 4,02% no pr\u00f3ximo ano.<\/p>\n<p>&nbsp;<\/p>\n<p><strong>Poupan\u00e7a<\/strong><\/p>\n<p>&nbsp;<\/p>\n<p>Com a mudan\u00e7a de juros, o rendimento da poupan\u00e7a passa a ser de 5,25% mais a taxa referencial (TR). Anteriormente, a rentabilidade era de 5,77% mais a TR. Na pr\u00e1tica, os ganhos s\u00e3o 70% do valor da Selic mais a taxa referencial.<\/p>\n<p>&nbsp;<\/p>\n<p>A diminui\u00e7\u00e3o de rentabilidade foi uma medida adotada em 2012 para evitar que a poupan\u00e7a ficasse mais atrativa que os fundos de investimentos, que s\u00e3o os maiores financiadores da d\u00edvida p\u00fablica. A regra s\u00f3 vale quando os juros est\u00e3o iguais ou abaixo de 8,5% ao ano.<\/p>\n","protected":false},"excerpt":{"rendered":"<p>HAMILTON FERRARI &nbsp; Na pen\u00faltima reuni\u00e3o de 2017, o Comit\u00ea de Pol\u00edtica Monet\u00e1ria (Copom) do Banco Central anunciou, nesta quarta (25\/10), a redu\u00e7\u00e3o da taxa Selic em 0,75 ponto percentual, saindo de 8,25% ao ano para 7,5% ao ano. O \u00edndice \u00e9 o menor desde abril de 2013 e est\u00e1 perto do piso hist\u00f3rico, ocorrido [&hellip;]<\/p>\n","protected":false},"author":22,"featured_media":0,"comment_status":"open","ping_status":"closed","sticky":false,"template":"","format":"standard","meta":{"footnotes":""},"categories":[600],"tags":[3,106,99,4,34,2836,1409],"class_list":["post-6362","post","type-post","status-publish","format-standard","hentry","category-economia","tag-banco-central","tag-bc","tag-copom","tag-juros","tag-selic","tag-taxa","tag-taxa-selic"],"_links":{"self":[{"href":"https:\/\/blogs.correiobraziliense.com.br\/vicente\/wp-json\/wp\/v2\/posts\/6362","targetHints":{"allow":["GET"]}}],"collection":[{"href":"https:\/\/blogs.correiobraziliense.com.br\/vicente\/wp-json\/wp\/v2\/posts"}],"about":[{"href":"https:\/\/blogs.correiobraziliense.com.br\/vicente\/wp-json\/wp\/v2\/types\/post"}],"author":[{"embeddable":true,"href":"https:\/\/blogs.correiobraziliense.com.br\/vicente\/wp-json\/wp\/v2\/users\/22"}],"replies":[{"embeddable":true,"href":"https:\/\/blogs.correiobraziliense.com.br\/vicente\/wp-json\/wp\/v2\/comments?post=6362"}],"version-history":[{"count":3,"href":"https:\/\/blogs.correiobraziliense.com.br\/vicente\/wp-json\/wp\/v2\/posts\/6362\/revisions"}],"predecessor-version":[{"id":6372,"href":"https:\/\/blogs.correiobraziliense.com.br\/vicente\/wp-json\/wp\/v2\/posts\/6362\/revisions\/6372"}],"wp:attachment":[{"href":"https:\/\/blogs.correiobraziliense.com.br\/vicente\/wp-json\/wp\/v2\/media?parent=6362"}],"wp:term":[{"taxonomy":"category","embeddable":true,"href":"https:\/\/blogs.correiobraziliense.com.br\/vicente\/wp-json\/wp\/v2\/categories?post=6362"},{"taxonomy":"post_tag","embeddable":true,"href":"https:\/\/blogs.correiobraziliense.com.br\/vicente\/wp-json\/wp\/v2\/tags?post=6362"}],"curies":[{"name":"wp","href":"https:\/\/api.w.org\/{rel}","templated":true}]}}