{"id":6356,"date":"2017-10-24T23:17:58","date_gmt":"2017-10-25T01:17:58","guid":{"rendered":"https:\/\/blogs.correiobraziliense.com.br\/vicente\/?p=6356"},"modified":"2017-10-24T23:23:32","modified_gmt":"2017-10-25T01:23:32","slug":"vice-presidente-financeiro-dos-correios-subiu-no-telhado","status":"publish","type":"post","link":"https:\/\/blogs.correiobraziliense.com.br\/vicente\/vice-presidente-financeiro-dos-correios-subiu-no-telhado\/","title":{"rendered":"Vice-presidente financeiro dos Correios subiu no telhado"},"content":{"rendered":"<p>ANTONIO TEM\u00d3TEO<\/p>\n<p>&nbsp;<\/p>\n<p>Enquanto participava h\u00e1 pouco do primeiro dia do evento Colecionar, patrocinado pelos Correios, o presidente da estatal, Guilherme Campos, foi surpreendido com uma comunica\u00e7\u00e3o expressa da Casa Civil da Presid\u00eancia da Rep\u00fablica. A mensagem do Pal\u00e1cio do Planalto era curta e grossa. \u00a0Avisava apenas que o vice-presidente Financeiro da empresa p\u00fablica , Ars\u00eanio Mello Esquef, ser\u00e1 exonerado nos pr\u00f3ximos dias.<\/p>\n<p>&nbsp;<\/p>\n<p>At\u00f4nito, Campos convocou os demais vice-presidentes presentes no evento para comunicar a decis\u00e3o do Planalto. O substituto ainda n\u00e3o est\u00e1 definido. Mas o grupo avalia que o cargo entrou nas negocia\u00e7\u00f5es para que o presidente Michel Temer garanta os votos necess\u00e1rios para barrar o prosseguimento da den\u00fancia contra ele que ser\u00e1 votada amanh\u00e3 pela C\u00e2mara dos dos Deputados. A informa\u00e7\u00e3o foi confirmada ao <b>Blog <\/b>por dois vice-presidentes dos Correios que ouviram as afirma\u00e7\u00f5es do presidente da estatal.<\/p>\n","protected":false},"excerpt":{"rendered":"<p>ANTONIO TEM\u00d3TEO &nbsp; Enquanto participava h\u00e1 pouco do primeiro dia do evento Colecionar, patrocinado pelos Correios, o presidente da estatal, Guilherme Campos, foi surpreendido com uma comunica\u00e7\u00e3o expressa da Casa Civil da Presid\u00eancia da Rep\u00fablica. A mensagem do Pal\u00e1cio do Planalto era curta e grossa. \u00a0Avisava apenas que o vice-presidente Financeiro da empresa p\u00fablica , [&hellip;]<\/p>\n","protected":false},"author":22,"featured_media":0,"comment_status":"open","ping_status":"closed","sticky":false,"template":"","format":"standard","meta":{"footnotes":""},"categories":[600],"tags":[],"class_list":["post-6356","post","type-post","status-publish","format-standard","hentry","category-economia"],"_links":{"self":[{"href":"https:\/\/blogs.correiobraziliense.com.br\/vicente\/wp-json\/wp\/v2\/posts\/6356","targetHints":{"allow":["GET"]}}],"collection":[{"href":"https:\/\/blogs.correiobraziliense.com.br\/vicente\/wp-json\/wp\/v2\/posts"}],"about":[{"href":"https:\/\/blogs.correiobraziliense.com.br\/vicente\/wp-json\/wp\/v2\/types\/post"}],"author":[{"embeddable":true,"href":"https:\/\/blogs.correiobraziliense.com.br\/vicente\/wp-json\/wp\/v2\/users\/22"}],"replies":[{"embeddable":true,"href":"https:\/\/blogs.correiobraziliense.com.br\/vicente\/wp-json\/wp\/v2\/comments?post=6356"}],"version-history":[{"count":4,"href":"https:\/\/blogs.correiobraziliense.com.br\/vicente\/wp-json\/wp\/v2\/posts\/6356\/revisions"}],"predecessor-version":[{"id":6360,"href":"https:\/\/blogs.correiobraziliense.com.br\/vicente\/wp-json\/wp\/v2\/posts\/6356\/revisions\/6360"}],"wp:attachment":[{"href":"https:\/\/blogs.correiobraziliense.com.br\/vicente\/wp-json\/wp\/v2\/media?parent=6356"}],"wp:term":[{"taxonomy":"category","embeddable":true,"href":"https:\/\/blogs.correiobraziliense.com.br\/vicente\/wp-json\/wp\/v2\/categories?post=6356"},{"taxonomy":"post_tag","embeddable":true,"href":"https:\/\/blogs.correiobraziliense.com.br\/vicente\/wp-json\/wp\/v2\/tags?post=6356"}],"curies":[{"name":"wp","href":"https:\/\/api.w.org\/{rel}","templated":true}]}}