{"id":6346,"date":"2017-10-21T17:30:38","date_gmt":"2017-10-21T19:30:38","guid":{"rendered":"https:\/\/blogs.correiobraziliense.com.br\/vicente\/?p=6346"},"modified":"2017-10-31T16:53:03","modified_gmt":"2017-10-31T18:53:03","slug":"luciano-hulk-sonha-com-o-planalto","status":"publish","type":"post","link":"https:\/\/blogs.correiobraziliense.com.br\/vicente\/luciano-hulk-sonha-com-o-planalto\/","title":{"rendered":"Luciano Huck sonha com o Planalto"},"content":{"rendered":"<p>ANTONIO TEM\u00d3TEO<\/p>\n<p>&nbsp;<\/p>\n<p>O apresentador Luciano Huck tem gastado tempo e dinheiro para estruturar uma candidatura ao Pal\u00e1cio do Planalto. Ele j\u00e1 montou uma equipe para realizar pesquisas e tem investido em bigdata para analisar os dados e as reais possibilidades de ser eleito presidente da Rep\u00fablica.<\/p>\n<p>&nbsp;<\/p>\n<p>Para se viabilizar politicamente, entretanto, ele foi aconselhado a escolher um vice-presidente com hist\u00f3ria pol\u00edtica. Al\u00e9m disso, Huck est\u00e1 interessado em realizar a primeira campanha 100% digital.<\/p>\n<p>&nbsp;<\/p>\n<p>Tamb\u00e9m tem consultado frequentemente o prefeito de Salvador ACM Neto em busca de um parceiro pol\u00edtico para viabilizar uma poss\u00edvel candidatura. Tudo tem sido feito com cuidado para n\u00e3o deixar margens para questionamentos.<\/p>\n","protected":false},"excerpt":{"rendered":"<p>ANTONIO TEM\u00d3TEO &nbsp; O apresentador Luciano Huck tem gastado tempo e dinheiro para estruturar uma candidatura ao Pal\u00e1cio do Planalto. Ele j\u00e1 montou uma equipe para realizar pesquisas e tem investido em bigdata para analisar os dados e as reais possibilidades de ser eleito presidente da Rep\u00fablica. &nbsp; Para se viabilizar politicamente, entretanto, ele foi [&hellip;]<\/p>\n","protected":false},"author":22,"featured_media":0,"comment_status":"open","ping_status":"closed","sticky":false,"template":"","format":"standard","meta":{"footnotes":""},"categories":[600],"tags":[2835,2834,176,72],"class_list":["post-6346","post","type-post","status-publish","format-standard","hentry","category-economia","tag-campanha-digital","tag-luciano-hulk","tag-palacio-do-planalto","tag-presidente-da-republica"],"_links":{"self":[{"href":"https:\/\/blogs.correiobraziliense.com.br\/vicente\/wp-json\/wp\/v2\/posts\/6346","targetHints":{"allow":["GET"]}}],"collection":[{"href":"https:\/\/blogs.correiobraziliense.com.br\/vicente\/wp-json\/wp\/v2\/posts"}],"about":[{"href":"https:\/\/blogs.correiobraziliense.com.br\/vicente\/wp-json\/wp\/v2\/types\/post"}],"author":[{"embeddable":true,"href":"https:\/\/blogs.correiobraziliense.com.br\/vicente\/wp-json\/wp\/v2\/users\/22"}],"replies":[{"embeddable":true,"href":"https:\/\/blogs.correiobraziliense.com.br\/vicente\/wp-json\/wp\/v2\/comments?post=6346"}],"version-history":[{"count":2,"href":"https:\/\/blogs.correiobraziliense.com.br\/vicente\/wp-json\/wp\/v2\/posts\/6346\/revisions"}],"predecessor-version":[{"id":6401,"href":"https:\/\/blogs.correiobraziliense.com.br\/vicente\/wp-json\/wp\/v2\/posts\/6346\/revisions\/6401"}],"wp:attachment":[{"href":"https:\/\/blogs.correiobraziliense.com.br\/vicente\/wp-json\/wp\/v2\/media?parent=6346"}],"wp:term":[{"taxonomy":"category","embeddable":true,"href":"https:\/\/blogs.correiobraziliense.com.br\/vicente\/wp-json\/wp\/v2\/categories?post=6346"},{"taxonomy":"post_tag","embeddable":true,"href":"https:\/\/blogs.correiobraziliense.com.br\/vicente\/wp-json\/wp\/v2\/tags?post=6346"}],"curies":[{"name":"wp","href":"https:\/\/api.w.org\/{rel}","templated":true}]}}