{"id":6342,"date":"2017-10-19T20:38:00","date_gmt":"2017-10-19T22:38:00","guid":{"rendered":"https:\/\/blogs.correiobraziliense.com.br\/vicente\/?p=6342"},"modified":"2017-10-20T00:08:30","modified_gmt":"2017-10-20T02:08:30","slug":"mexico-reconstrucao-de-um-pais-solidario","status":"publish","type":"post","link":"https:\/\/blogs.correiobraziliense.com.br\/vicente\/mexico-reconstrucao-de-um-pais-solidario\/","title":{"rendered":"M\u00e9xico, a reconstru\u00e7\u00e3o de um pa\u00eds solid\u00e1rio"},"content":{"rendered":"<h2>POR M\u00d4NICA CABA\u00d1AS, da Cidade do M\u00e9xico<\/h2>\n<h2><\/h2>\n<h2>Ao pensar em contar aos brasileiros o que temos vivido no M\u00e9xico desde setembro \u00faltimo, me lembrei do cantor e compositor Belchior que, em uma de suas m\u00fasicas, dizia: \u201d\u2026.quero lhe mostrar o que vivi e tudo o que aconteceu comigo\u2026.\u201d. Desculpe decepciona-los se esperam que lhes conte sobre n\u00famero de v\u00edtimas, casas e edif\u00edcios derrubados, intensidade dos terremotos, pessoas encontradas, impacto na economia e todas essas informa\u00e7\u00f5es, verdadeiras ou falsas (vide a hist\u00f3ria da menina Frida), que todos v\u00eam escutando no mundo todo desde 7 de setembro de 2017.<\/h2>\n<p>&nbsp;<\/p>\n<p>O que quero contar para voc\u00eas \u00e9 a respeito de ressignifica\u00e7\u00e3o de palavras e sentimentos, de descobertas pessoais e coletivas de emo\u00e7\u00f5es. De ser reapresentada, com toda intensidade, a uma palavra que nos \u00faltimos tempos pensava que havia desaparecido do dicion\u00e1rio mundial. Essa palavra m\u00e1gica \u00e9 SOLIDARIEDADE.<\/p>\n<p>&nbsp;<\/p>\n<p>Dos intensos terremotos que atingiram o pa\u00eds, o primeiro em 7 de setembro, considerado o mais forte dos \u00faltimos 100 anos, e o segundo, em 19 do mesmo m\u00eas, que foi, na realidade uma sequ\u00eancia de dois terremotos, quase dentro da Cidade do M\u00e9xico, no dia em que o hist\u00f3rico sismo que destruiu a capital do pa\u00eds completou 32 anos e 2 horas ap\u00f3s a realiza\u00e7\u00e3o do grande treinamento antiss\u00edsmico anual, reativaram a utiliza\u00e7\u00e3o de outras duas palavras em desuso pelo mundo: esperan\u00e7a e amor ao outro.<\/p>\n<p>&nbsp;<\/p>\n<p>O que vimos nas ruas das cidades mexicanas atingidas pelos terremotos foi o enorme trabalho desenvolvido por milhares de socorristas, alguns deles munidos sobretudo de grande vontade e desejo de salvar vidas, n\u00e3o importando se as vidas em quest\u00e3o possuem pernas ou patas. Alguns desses socorristas eram cidad\u00e3os an\u00f4nimos que simplesmente estavam passando em determinado local ou eram sobreviventes desses mesmos locais, que formaram correntes humanas para retirar paus, pedras, tijolos, ferros, enfim, todo tipo de escombro com o \u00fanico objetivo de salvar uma vida.<\/p>\n<p>&nbsp;<\/p>\n<p><strong>Redes de distribui\u00e7\u00e3o<\/strong><\/p>\n<p>&nbsp;<\/p>\n<p>Por toda a Cidade do M\u00e9xico e nas demais cidades do pa\u00eds se formaram o que eles chamam de \u201cCentros de Acopio\u201d, que foram organizados por institui\u00e7\u00f5es p\u00fablicas, privadas, por clubes, ONGs, Parques, vizinhos, ruas, restaurantes, empresas, enfim, todos que desejavam de alguma forma ajudar e apoiar as v\u00edtimas dos terremotos. Nesses Centros, muitos volunt\u00e1rios trabalharam, foram criados albergues para receber pessoas que perderam suas casas, organizaram-se grupos para localizar e receber animais perdidos e devolver aos seus donos, al\u00e9m de postos de atendimento m\u00e9dico e redes de distribui\u00e7\u00e3o de comida aos socorristas e aos desabrigados.<\/p>\n<p>&nbsp;<\/p>\n<p>A solidariedade dos residentes no pa\u00eds se somou o apoio de diferentes pa\u00edses no mundo que enviaram suas principais equipes de socorristas para apoiar nas buscas aos sobreviventes. Internamente, diferentes profissionais, engenheiros, arquitetos, psic\u00f3logos, m\u00e9dicos, enfermeiros, fisioterapeutas, universidades, advogados e etc. se juntaram a popula\u00e7\u00e3o para, dentro de sua especialidade, realizar a\u00e7\u00f5es e atividades que pudessem minimizar o sofrimento coletivo.<\/p>\n<p>&nbsp;<\/p>\n<p>Na luta que os socorristas empreenderam por todo o pais, a cada m\u00e3o levantada do coordenador da equipe \u2013 que simbolizava o pedido de sil\u00eancio para permitir a escuta os pedidos de socorro vindos dos escombros e que se transformou em s\u00edmbolo de luta pela vida \u2013 a esperan\u00e7a renascia. O M\u00e9xico nunca mais ser\u00e1 o mesmo pa\u00eds ap\u00f3s o \u00faltimo m\u00eas setembro, n\u00e3o somente pela dimens\u00e3o humana da trag\u00e9dia que vive o pa\u00eds, mas tamb\u00e9m pela percep\u00e7\u00e3o da sociedade de toda sua for\u00e7a e vitalidade.<\/p>\n<p>&nbsp;<\/p>\n<p><strong>Sonhos e realidade<\/strong><\/p>\n<p>&nbsp;<\/p>\n<p>Quem vive no M\u00e9xico vem descobrindo de forma individual e coletiva que, sim, pode mudar seu destino; que, sim, pode fazer a diferen\u00e7a; que, sim, pode ser solid\u00e1rio, amoroso, forte, esperan\u00e7oso, ter sonhos e transforma-los em realidade; que, sim, pode salvar vidas, se doar; e que, sim, somos parte de um conjunto denominado sociedade e que essa sociedade pode, sim, organizar-se e transformar estruturas, evoluir, aprender, e viver uma realidade diferente da at\u00e9 ent\u00e3o vivida.<\/p>\n<p>&nbsp;<\/p>\n<p>A M\u00e3e Terra, como uma m\u00e3e preocupada em fazer com que cres\u00e7amos, moveu-se forte em setembro no M\u00e9xico e segue se movendo diariamente em diferentes regi\u00f5es do pa\u00eds, mas o que ela realmente despertou em todos n\u00f3s, que vivemos no M\u00e9xico, foi a certeza de que, unidos e solid\u00e1rios e desvinculados de paix\u00f5es irracionais e preconceitos, somos capazes de reconstruir, tanto interna como externamente, este pa\u00eds rua a rua, bairro a bairro, cidade a cidade, estado a estado.<\/p>\n<p>&nbsp;<\/p>\n<p>Por tudo isto que lhes contei, o M\u00e9xico foi e sempre ser\u00e1 \u201c\u2026lindo e querido\u2026\u201d, como canta o famoso artista mexicano Jorge Negrete, e capaz de despertar em nossas mentes e cora\u00e7\u00f5es a possibilidade de reencontrar uma nova forma de viver, em que a humanidade ainda possui a capacidade de ser SOLID\u00c1RIA.<\/p>\n<p>&nbsp;<\/p>\n<p><em>Bras\u00edlia, 20h38min<\/em><\/p>\n","protected":false},"excerpt":{"rendered":"<p>POR M\u00d4NICA CABA\u00d1AS, da Cidade do M\u00e9xico Ao pensar em contar aos brasileiros o que temos vivido no M\u00e9xico desde setembro \u00faltimo, me lembrei do cantor e compositor Belchior que, em uma de suas m\u00fasicas, dizia: \u201d\u2026.quero lhe mostrar o que vivi e tudo o que aconteceu comigo\u2026.\u201d. Desculpe decepciona-los se esperam que lhes conte [&hellip;]<\/p>\n","protected":false},"author":22,"featured_media":0,"comment_status":"open","ping_status":"closed","sticky":false,"template":"","format":"standard","meta":{"footnotes":""},"categories":[600],"tags":[2829,136,2831,777,2830,2832],"class_list":["post-6342","post","type-post","status-publish","format-standard","hentry","category-economia","tag-mexico","tag-recuperacao","tag-sofrimento","tag-solidariedade","tag-terremoto","tag-vitalidade"],"_links":{"self":[{"href":"https:\/\/blogs.correiobraziliense.com.br\/vicente\/wp-json\/wp\/v2\/posts\/6342","targetHints":{"allow":["GET"]}}],"collection":[{"href":"https:\/\/blogs.correiobraziliense.com.br\/vicente\/wp-json\/wp\/v2\/posts"}],"about":[{"href":"https:\/\/blogs.correiobraziliense.com.br\/vicente\/wp-json\/wp\/v2\/types\/post"}],"author":[{"embeddable":true,"href":"https:\/\/blogs.correiobraziliense.com.br\/vicente\/wp-json\/wp\/v2\/users\/22"}],"replies":[{"embeddable":true,"href":"https:\/\/blogs.correiobraziliense.com.br\/vicente\/wp-json\/wp\/v2\/comments?post=6342"}],"version-history":[{"count":1,"href":"https:\/\/blogs.correiobraziliense.com.br\/vicente\/wp-json\/wp\/v2\/posts\/6342\/revisions"}],"predecessor-version":[{"id":6343,"href":"https:\/\/blogs.correiobraziliense.com.br\/vicente\/wp-json\/wp\/v2\/posts\/6342\/revisions\/6343"}],"wp:attachment":[{"href":"https:\/\/blogs.correiobraziliense.com.br\/vicente\/wp-json\/wp\/v2\/media?parent=6342"}],"wp:term":[{"taxonomy":"category","embeddable":true,"href":"https:\/\/blogs.correiobraziliense.com.br\/vicente\/wp-json\/wp\/v2\/categories?post=6342"},{"taxonomy":"post_tag","embeddable":true,"href":"https:\/\/blogs.correiobraziliense.com.br\/vicente\/wp-json\/wp\/v2\/tags?post=6342"}],"curies":[{"name":"wp","href":"https:\/\/api.w.org\/{rel}","templated":true}]}}