{"id":6340,"date":"2017-10-19T19:25:11","date_gmt":"2017-10-19T21:25:11","guid":{"rendered":"https:\/\/blogs.correiobraziliense.com.br\/vicente\/?p=6340"},"modified":"2017-10-19T19:25:11","modified_gmt":"2017-10-19T21:25:11","slug":"governo-acata-sugestoes-de-dodge-e-atualizara-portaria-do-trabalho-escravo","status":"publish","type":"post","link":"https:\/\/blogs.correiobraziliense.com.br\/vicente\/governo-acata-sugestoes-de-dodge-e-atualizara-portaria-do-trabalho-escravo\/","title":{"rendered":"Governo acata sugest\u00f5es de Dodge e atualizar\u00e1 portaria do trabalho escravo"},"content":{"rendered":"<p class=\"p1\">RODOLFO COSTA<\/p>\n<p class=\"p1\">\n<p class=\"p1\">O governo federal est\u00e1 disposto a aperfei\u00e7oar a portaria que trata sobre o trabalho escravo. Nesta quinta-feira (19\/10), o presidente da Rep\u00fablica, Michel Temer, recebeu no Pal\u00e1cio do Planalto o ministro do Trabalho, Ronaldo Nogueira, que se prontificou a apresentar em at\u00e9 10 dias ajustes no pol\u00eamico texto.<\/p>\n<p class=\"p1\">\n<p class=\"p1\">As altera\u00e7\u00f5es ser\u00e3o feitas com base em sugest\u00f5es da Procuradora-Geral da Rep\u00fablica, Raquel Dodge, que se reuniu na quarta-feira (18) com Nogueira. O texto estabelece novas regras que caracterizam o trabalho an\u00e1logo ao escravo, conceituando tal tipo de trabalho em quatro situa\u00e7\u00f5es que possam configurar um regime de trabalho for\u00e7ado.<\/p>\n<p class=\"p1\">\n<p class=\"p1\">Interlocutores de Temer asseguram que n\u00e3o h\u00e1 desejo do governo em revogar a portaria. O peemedebista aguardar\u00e1 as atualiza\u00e7\u00f5es que ser\u00e3o promovidas por Nogueira. No Pal\u00e1cio do Planalto, no entanto, h\u00e1 a convic\u00e7\u00e3o de que houve uma m\u00e1 interpreta\u00e7\u00e3o feita sobre o texto.<\/p>\n<p class=\"p1\">\n<p class=\"p1\">A pol\u00eamica ganhou repercuss\u00e3o mundial. A Organiza\u00e7\u00e3o Internacional do Trabalho (OIT) criticou hoje a portaria. Para a entidade, a medida causar\u00e1 \u201cretrocessos lament\u00e1veis\u201d e interromper\u00e1 \u201ca trajet\u00f3ria de sucesso do Brasil no combate ao trabalho escravo.<\/p>\n","protected":false},"excerpt":{"rendered":"<p>RODOLFO COSTA O governo federal est\u00e1 disposto a aperfei\u00e7oar a portaria que trata sobre o trabalho escravo. Nesta quinta-feira (19\/10), o presidente da Rep\u00fablica, Michel Temer, recebeu no Pal\u00e1cio do Planalto o ministro do Trabalho, Ronaldo Nogueira, que se prontificou a apresentar em at\u00e9 10 dias ajustes no pol\u00eamico texto. As altera\u00e7\u00f5es ser\u00e3o feitas com [&hellip;]<\/p>\n","protected":false},"author":22,"featured_media":0,"comment_status":"open","ping_status":"closed","sticky":false,"template":"","format":"standard","meta":{"footnotes":""},"categories":[600],"tags":[467,111,1094,982,727,2828,2827,981,2826],"class_list":["post-6340","post","type-post","status-publish","format-standard","hentry","category-economia","tag-governo","tag-michel-temer","tag-ministerio-do-trabalho","tag-ministro-do-trabalho","tag-mudancas","tag-oit","tag-portaria","tag-ronaldo-nogueira","tag-trabalho-escravo"],"_links":{"self":[{"href":"https:\/\/blogs.correiobraziliense.com.br\/vicente\/wp-json\/wp\/v2\/posts\/6340","targetHints":{"allow":["GET"]}}],"collection":[{"href":"https:\/\/blogs.correiobraziliense.com.br\/vicente\/wp-json\/wp\/v2\/posts"}],"about":[{"href":"https:\/\/blogs.correiobraziliense.com.br\/vicente\/wp-json\/wp\/v2\/types\/post"}],"author":[{"embeddable":true,"href":"https:\/\/blogs.correiobraziliense.com.br\/vicente\/wp-json\/wp\/v2\/users\/22"}],"replies":[{"embeddable":true,"href":"https:\/\/blogs.correiobraziliense.com.br\/vicente\/wp-json\/wp\/v2\/comments?post=6340"}],"version-history":[{"count":1,"href":"https:\/\/blogs.correiobraziliense.com.br\/vicente\/wp-json\/wp\/v2\/posts\/6340\/revisions"}],"predecessor-version":[{"id":6341,"href":"https:\/\/blogs.correiobraziliense.com.br\/vicente\/wp-json\/wp\/v2\/posts\/6340\/revisions\/6341"}],"wp:attachment":[{"href":"https:\/\/blogs.correiobraziliense.com.br\/vicente\/wp-json\/wp\/v2\/media?parent=6340"}],"wp:term":[{"taxonomy":"category","embeddable":true,"href":"https:\/\/blogs.correiobraziliense.com.br\/vicente\/wp-json\/wp\/v2\/categories?post=6340"},{"taxonomy":"post_tag","embeddable":true,"href":"https:\/\/blogs.correiobraziliense.com.br\/vicente\/wp-json\/wp\/v2\/tags?post=6340"}],"curies":[{"name":"wp","href":"https:\/\/api.w.org\/{rel}","templated":true}]}}