{"id":6337,"date":"2017-10-19T15:42:40","date_gmt":"2017-10-19T17:42:40","guid":{"rendered":"https:\/\/blogs.correiobraziliense.com.br\/vicente\/?p=6337"},"modified":"2017-10-19T15:42:40","modified_gmt":"2017-10-19T17:42:40","slug":"aposentados-da-caixa-farao-manifestacao-em-brasilia","status":"publish","type":"post","link":"https:\/\/blogs.correiobraziliense.com.br\/vicente\/aposentados-da-caixa-farao-manifestacao-em-brasilia\/","title":{"rendered":"Aposentados da Caixa far\u00e3o manifesta\u00e7\u00e3o em Bras\u00edlia"},"content":{"rendered":"<p>ANTONIO TEM\u00d3TEO<\/p>\n<p>&nbsp;<\/p>\n<p class=\"p1\">Os aposentados da Caixa Econ\u00f4mica Federal preparam uma s\u00e9rie de protestos contra os sucessivos rombos acumulados pela Funcef. Os atos est\u00e3o programados para a pr\u00f3xima ter\u00e7a-feira, 24 de outubro. A movimenta\u00e7\u00e3o come\u00e7ar\u00e1 pela manh\u00e3, em frente ao edif\u00edcio sede do banco p\u00fablico.<\/p>\n<p class=\"p1\">\n<p class=\"p1\">Em seguida, os participantes do fundo de pens\u00e3o programam um ato semelhante na sede da Funcef e durante a tarde, em frente ao Congresso Nacional. Segundo os organizadores, as manifesta\u00e7\u00f5es s\u00e3o fruto da indigna\u00e7\u00e3o dos aposentados com os sucessivos rombos acumulados pela funda\u00e7\u00e3o. Eles cobrar\u00e3o uma legisla\u00e7\u00e3o que puna os desvios de conduta e co\u00edba as irregularidades.<\/p>\n","protected":false},"excerpt":{"rendered":"<p>ANTONIO TEM\u00d3TEO &nbsp; Os aposentados da Caixa Econ\u00f4mica Federal preparam uma s\u00e9rie de protestos contra os sucessivos rombos acumulados pela Funcef. Os atos est\u00e3o programados para a pr\u00f3xima ter\u00e7a-feira, 24 de outubro. A movimenta\u00e7\u00e3o come\u00e7ar\u00e1 pela manh\u00e3, em frente ao edif\u00edcio sede do banco p\u00fablico. Em seguida, os participantes do fundo de pens\u00e3o programam um [&hellip;]<\/p>\n","protected":false},"author":22,"featured_media":0,"comment_status":"open","ping_status":"closed","sticky":false,"template":"","format":"standard","meta":{"footnotes":""},"categories":[600],"tags":[410,110,115,109,231,2825],"class_list":["post-6337","post","type-post","status-publish","format-standard","hentry","category-economia","tag-aposentados","tag-caixa","tag-caixa-economica-federal","tag-funcef","tag-manifestacao","tag-protesto"],"_links":{"self":[{"href":"https:\/\/blogs.correiobraziliense.com.br\/vicente\/wp-json\/wp\/v2\/posts\/6337","targetHints":{"allow":["GET"]}}],"collection":[{"href":"https:\/\/blogs.correiobraziliense.com.br\/vicente\/wp-json\/wp\/v2\/posts"}],"about":[{"href":"https:\/\/blogs.correiobraziliense.com.br\/vicente\/wp-json\/wp\/v2\/types\/post"}],"author":[{"embeddable":true,"href":"https:\/\/blogs.correiobraziliense.com.br\/vicente\/wp-json\/wp\/v2\/users\/22"}],"replies":[{"embeddable":true,"href":"https:\/\/blogs.correiobraziliense.com.br\/vicente\/wp-json\/wp\/v2\/comments?post=6337"}],"version-history":[{"count":1,"href":"https:\/\/blogs.correiobraziliense.com.br\/vicente\/wp-json\/wp\/v2\/posts\/6337\/revisions"}],"predecessor-version":[{"id":6338,"href":"https:\/\/blogs.correiobraziliense.com.br\/vicente\/wp-json\/wp\/v2\/posts\/6337\/revisions\/6338"}],"wp:attachment":[{"href":"https:\/\/blogs.correiobraziliense.com.br\/vicente\/wp-json\/wp\/v2\/media?parent=6337"}],"wp:term":[{"taxonomy":"category","embeddable":true,"href":"https:\/\/blogs.correiobraziliense.com.br\/vicente\/wp-json\/wp\/v2\/categories?post=6337"},{"taxonomy":"post_tag","embeddable":true,"href":"https:\/\/blogs.correiobraziliense.com.br\/vicente\/wp-json\/wp\/v2\/tags?post=6337"}],"curies":[{"name":"wp","href":"https:\/\/api.w.org\/{rel}","templated":true}]}}