{"id":6334,"date":"2017-10-18T08:47:29","date_gmt":"2017-10-18T10:47:29","guid":{"rendered":"https:\/\/blogs.correiobraziliense.com.br\/vicente\/?p=6334"},"modified":"2017-10-18T10:59:44","modified_gmt":"2017-10-18T12:59:44","slug":"ibc-br-recua-038-em-agosto","status":"publish","type":"post","link":"https:\/\/blogs.correiobraziliense.com.br\/vicente\/ibc-br-recua-038-em-agosto\/","title":{"rendered":"IBC-Br recua 0,38% em agosto"},"content":{"rendered":"<p>ANTONIO TEM\u00d3TEO<\/p>\n<p>&nbsp;<\/p>\n<p>O \u00cdndice de Atividade Econ\u00f4mica do Banco Central (IBC-Br) registrou queda de 0,38% em agosto em rela\u00e7\u00e3o a julho. O resultado foi pior do que a m\u00e9dia das estimativas do mercado, que esperavam uma retra\u00e7\u00e3o de at\u00e9 0,23% no m\u00eas.<\/p>\n<p>&nbsp;<\/p>\n<p>Apesar do resultado negativo, nos oito primeiros meses do ano, a economia brasileira acumula alta de 0,31%.\u00a0Nos \u00faltimos 12 meses encerrados em agosto, o \u00edndice registrou retra\u00e7\u00e3o de 1,08.<\/p>\n","protected":false},"excerpt":{"rendered":"<p>ANTONIO TEM\u00d3TEO &nbsp; O \u00cdndice de Atividade Econ\u00f4mica do Banco Central (IBC-Br) registrou queda de 0,38% em agosto em rela\u00e7\u00e3o a julho. O resultado foi pior do que a m\u00e9dia das estimativas do mercado, que esperavam uma retra\u00e7\u00e3o de at\u00e9 0,23% no m\u00eas. &nbsp; Apesar do resultado negativo, nos oito primeiros meses do ano, a [&hellip;]<\/p>\n","protected":false},"author":22,"featured_media":0,"comment_status":"open","ping_status":"closed","sticky":false,"template":"","format":"standard","meta":{"footnotes":""},"categories":[600],"tags":[],"class_list":["post-6334","post","type-post","status-publish","format-standard","hentry","category-economia"],"_links":{"self":[{"href":"https:\/\/blogs.correiobraziliense.com.br\/vicente\/wp-json\/wp\/v2\/posts\/6334","targetHints":{"allow":["GET"]}}],"collection":[{"href":"https:\/\/blogs.correiobraziliense.com.br\/vicente\/wp-json\/wp\/v2\/posts"}],"about":[{"href":"https:\/\/blogs.correiobraziliense.com.br\/vicente\/wp-json\/wp\/v2\/types\/post"}],"author":[{"embeddable":true,"href":"https:\/\/blogs.correiobraziliense.com.br\/vicente\/wp-json\/wp\/v2\/users\/22"}],"replies":[{"embeddable":true,"href":"https:\/\/blogs.correiobraziliense.com.br\/vicente\/wp-json\/wp\/v2\/comments?post=6334"}],"version-history":[{"count":1,"href":"https:\/\/blogs.correiobraziliense.com.br\/vicente\/wp-json\/wp\/v2\/posts\/6334\/revisions"}],"predecessor-version":[{"id":6335,"href":"https:\/\/blogs.correiobraziliense.com.br\/vicente\/wp-json\/wp\/v2\/posts\/6334\/revisions\/6335"}],"wp:attachment":[{"href":"https:\/\/blogs.correiobraziliense.com.br\/vicente\/wp-json\/wp\/v2\/media?parent=6334"}],"wp:term":[{"taxonomy":"category","embeddable":true,"href":"https:\/\/blogs.correiobraziliense.com.br\/vicente\/wp-json\/wp\/v2\/categories?post=6334"},{"taxonomy":"post_tag","embeddable":true,"href":"https:\/\/blogs.correiobraziliense.com.br\/vicente\/wp-json\/wp\/v2\/tags?post=6334"}],"curies":[{"name":"wp","href":"https:\/\/api.w.org\/{rel}","templated":true}]}}