{"id":6331,"date":"2017-10-17T18:54:42","date_gmt":"2017-10-17T20:54:42","guid":{"rendered":"https:\/\/blogs.correiobraziliense.com.br\/vicente\/?p=6331"},"modified":"2017-10-17T18:55:57","modified_gmt":"2017-10-17T20:55:57","slug":"previ-acumula-superavit-de-r-734-bilhoes-ate-setembro","status":"publish","type":"post","link":"https:\/\/blogs.correiobraziliense.com.br\/vicente\/previ-acumula-superavit-de-r-734-bilhoes-ate-setembro\/","title":{"rendered":"Previ acumula superavit de R$ 7,34 bilh\u00f5es at\u00e9 setembro"},"content":{"rendered":"<p class=\"p1\">POR ANTONIO TEM\u00d3TEO<\/p>\n<p class=\"p1\">O Plano 1 da Previ, o maior do fundo de pens\u00e3o dos empregados do Banco do Brasil, acumula super\u00e1vit de R$ 7,34 bilh\u00f5es nos nove primeiro meses do ano. Com isso, o rombo nas contas da maior entidade fechada de previd\u00eancia complementar da Am\u00e9rica Latina diminui para R$ 6,59 bilh\u00f5es.<\/p>\n<p class=\"p1\">Em entrevista recente ao <b>Blog<\/b>, o presidente da Previ, Gueitiro Genso, avaliou que se a rentabilidade da carteira de renda vari\u00e1vel continuar nos mesmos patamares, a tend\u00eancia \u00e9 que o d\u00e9ficit continue a diminuir em 2018 e acabe ainda no primeiro semestre.<\/p>\n<p class=\"p1\">Com 114.351 associados, o plano tem 82.129 aposentados, que fazem uma contribui\u00e7\u00e3o mensal de 4,8% dos seus benef\u00edcios. A rentabilidade dos investimentos do Plano 1 de janeiro at\u00e9 setembro de 2017 foi de 11,02%. A taxa atuarial do per\u00edodo, que \u00e9 a meta a ser perseguida, foi de 5,02%.<\/p>\n","protected":false},"excerpt":{"rendered":"<p>POR ANTONIO TEM\u00d3TEO O Plano 1 da Previ, o maior do fundo de pens\u00e3o dos empregados do Banco do Brasil, acumula super\u00e1vit de R$ 7,34 bilh\u00f5es nos nove primeiro meses do ano. Com isso, o rombo nas contas da maior entidade fechada de previd\u00eancia complementar da Am\u00e9rica Latina diminui para R$ 6,59 bilh\u00f5es. Em entrevista [&hellip;]<\/p>\n","protected":false},"author":22,"featured_media":0,"comment_status":"open","ping_status":"closed","sticky":false,"template":"","format":"standard","meta":{"footnotes":""},"categories":[600],"tags":[229,76,2824,377,541,2823],"class_list":["post-6331","post","type-post","status-publish","format-standard","hentry","category-economia","tag-banco-do-brasil","tag-deficit","tag-gueitiro-genso","tag-previ","tag-rombo","tag-superativ"],"_links":{"self":[{"href":"https:\/\/blogs.correiobraziliense.com.br\/vicente\/wp-json\/wp\/v2\/posts\/6331","targetHints":{"allow":["GET"]}}],"collection":[{"href":"https:\/\/blogs.correiobraziliense.com.br\/vicente\/wp-json\/wp\/v2\/posts"}],"about":[{"href":"https:\/\/blogs.correiobraziliense.com.br\/vicente\/wp-json\/wp\/v2\/types\/post"}],"author":[{"embeddable":true,"href":"https:\/\/blogs.correiobraziliense.com.br\/vicente\/wp-json\/wp\/v2\/users\/22"}],"replies":[{"embeddable":true,"href":"https:\/\/blogs.correiobraziliense.com.br\/vicente\/wp-json\/wp\/v2\/comments?post=6331"}],"version-history":[{"count":2,"href":"https:\/\/blogs.correiobraziliense.com.br\/vicente\/wp-json\/wp\/v2\/posts\/6331\/revisions"}],"predecessor-version":[{"id":6333,"href":"https:\/\/blogs.correiobraziliense.com.br\/vicente\/wp-json\/wp\/v2\/posts\/6331\/revisions\/6333"}],"wp:attachment":[{"href":"https:\/\/blogs.correiobraziliense.com.br\/vicente\/wp-json\/wp\/v2\/media?parent=6331"}],"wp:term":[{"taxonomy":"category","embeddable":true,"href":"https:\/\/blogs.correiobraziliense.com.br\/vicente\/wp-json\/wp\/v2\/categories?post=6331"},{"taxonomy":"post_tag","embeddable":true,"href":"https:\/\/blogs.correiobraziliense.com.br\/vicente\/wp-json\/wp\/v2\/tags?post=6331"}],"curies":[{"name":"wp","href":"https:\/\/api.w.org\/{rel}","templated":true}]}}