{"id":6321,"date":"2017-10-16T15:28:57","date_gmt":"2017-10-16T17:28:57","guid":{"rendered":"https:\/\/blogs.correiobraziliense.com.br\/vicente\/?p=6321"},"modified":"2017-10-16T15:28:57","modified_gmt":"2017-10-16T17:28:57","slug":"caso-funaro-gera-estresse-entre-poderes","status":"publish","type":"post","link":"https:\/\/blogs.correiobraziliense.com.br\/vicente\/caso-funaro-gera-estresse-entre-poderes\/","title":{"rendered":"Caso Funaro gera estresse entre poderes"},"content":{"rendered":"<p class=\"p1\">PAULO DE TARSO LYRA<\/p>\n<p class=\"p1\">\n<p class=\"p1\">A presidente do Supremo Tribunal Federal, ministra C\u00e1rmen L\u00facia, afirmou ao Correio que repassou \u00e0 C\u00e2mara dos Deputados o material envolvendo a segunda den\u00fancia contra o presidente Michel Temer liberado a ela pelo relator do processo no STF, ministro Edson Fachin. C\u00e1rmen est\u00e1 indignada com a vers\u00e3o de que ela poderia ter feito \u201calgum ju\u00edzo de valor\u201d sobre o material antes de repass\u00e1-lo ao presidente da C\u00e2mara, Rodrigo Maia (DEM-RJ).<\/p>\n<p class=\"p1\">\n<p class=\"p1\">\nSegundo a presidente do STF, apenas coube a ela, nesse caso, o procedimento formal de enviar \u00e0 C\u00e2mara a a\u00e7\u00e3o preparada por Fachin e divulgada posteriormente pela C\u00e2mara. A pol\u00eamica em torno da divulga\u00e7\u00e3o do conte\u00fado da dela\u00e7\u00e3o do doleiro L\u00facio Funaro tamb\u00e9m provocou uma briga dura entre Rodrigo Maia e o advogado do presidente Michel Temer, Eduardo Carnel\u00f3s.<\/p>\n<p class=\"p1\">\n<p class=\"p1\">\nAssim que a den\u00fancia foi liberada pelo ministro Edson Fachin, este encaminhou-a por completo para o gabinete da presid\u00eancia do STF para que o material fosse enviado \u00e0 C\u00e2mara, onde precisa ser apreciado pelos deputados. T\u00e3o logo o conte\u00fado da dela\u00e7\u00e3o chegou a Maia, este verificou que uma parte do material \u2014 embora \u00ednfima \u2014 estava sob segredo de Justi\u00e7a. O que fez o demista? Foi ao Supremo, acompanhado por um assessor jur\u00eddico da Casa e solicitou uma reuni\u00e3o entre ele, C\u00e1rmen e Fachin para que, juntos, analisassem a situa\u00e7\u00e3o.<\/p>\n<p class=\"p1\">\n<p class=\"p1\">\nNesse encontro, o relator disse que uma parte do processo estava sob segredo, mas que o restante do material poderia ser disponibilizado. Maia retornou, ent\u00e3o, \u00e0 C\u00e2mara e publicou, no site da Casa, todo o conte\u00fado da den\u00fancia que poderia ser publicado, para auxiliar na an\u00e1lise que os deputados far\u00e3o da den\u00fancia, tanto na Comiss\u00e3o de Constitui\u00e7\u00e3o e Justi\u00e7a, esta semana, quanto no plen\u00e1rio da Casa, em vota\u00e7\u00e3o que dever\u00e1 acontecer at\u00e9 o fim deste m\u00eas.<\/p>\n<p class=\"p1\">\n<p class=\"p1\">\nQuando o material come\u00e7ou a ser publicado pelos meios de comunica\u00e7\u00e3o \u2014 em um primeiro momento, pela Folha de S\u00e3o Paulo \u2014 Maia estranhou a nota agressiva divulgada por Carnel\u00f3s, na tarde de s\u00e1bado. Resolveu, por precau\u00e7\u00e3o, entrar em contato novamente, ontem, com a presidente C\u00e1rmen L\u00facia, que reiterou a ele ter apenas repassado \u00e0 C\u00e2mara o material enviado pelo gabinete de Fachin, sem nenhum ju\u00edzo de valor, j\u00e1 que este papel n\u00e3o lhe cabia fazer nesse caso.<\/p>\n","protected":false},"excerpt":{"rendered":"<p>PAULO DE TARSO LYRA A presidente do Supremo Tribunal Federal, ministra C\u00e1rmen L\u00facia, afirmou ao Correio que repassou \u00e0 C\u00e2mara dos Deputados o material envolvendo a segunda den\u00fancia contra o presidente Michel Temer liberado a ela pelo relator do processo no STF, ministro Edson Fachin. C\u00e1rmen est\u00e1 indignada com a vers\u00e3o de que ela poderia [&hellip;]<\/p>\n","protected":false},"author":22,"featured_media":0,"comment_status":"open","ping_status":"closed","sticky":false,"template":"","format":"standard","meta":{"footnotes":""},"categories":[600],"tags":[341,631,2813,2814,438,111,192],"class_list":["post-6321","post","type-post","status-publish","format-standard","hentry","category-economia","tag-camara-dos-deputados","tag-executivo","tag-fachin","tag-funaro","tag-legislativo","tag-michel-temer","tag-stf"],"_links":{"self":[{"href":"https:\/\/blogs.correiobraziliense.com.br\/vicente\/wp-json\/wp\/v2\/posts\/6321","targetHints":{"allow":["GET"]}}],"collection":[{"href":"https:\/\/blogs.correiobraziliense.com.br\/vicente\/wp-json\/wp\/v2\/posts"}],"about":[{"href":"https:\/\/blogs.correiobraziliense.com.br\/vicente\/wp-json\/wp\/v2\/types\/post"}],"author":[{"embeddable":true,"href":"https:\/\/blogs.correiobraziliense.com.br\/vicente\/wp-json\/wp\/v2\/users\/22"}],"replies":[{"embeddable":true,"href":"https:\/\/blogs.correiobraziliense.com.br\/vicente\/wp-json\/wp\/v2\/comments?post=6321"}],"version-history":[{"count":1,"href":"https:\/\/blogs.correiobraziliense.com.br\/vicente\/wp-json\/wp\/v2\/posts\/6321\/revisions"}],"predecessor-version":[{"id":6322,"href":"https:\/\/blogs.correiobraziliense.com.br\/vicente\/wp-json\/wp\/v2\/posts\/6321\/revisions\/6322"}],"wp:attachment":[{"href":"https:\/\/blogs.correiobraziliense.com.br\/vicente\/wp-json\/wp\/v2\/media?parent=6321"}],"wp:term":[{"taxonomy":"category","embeddable":true,"href":"https:\/\/blogs.correiobraziliense.com.br\/vicente\/wp-json\/wp\/v2\/categories?post=6321"},{"taxonomy":"post_tag","embeddable":true,"href":"https:\/\/blogs.correiobraziliense.com.br\/vicente\/wp-json\/wp\/v2\/tags?post=6321"}],"curies":[{"name":"wp","href":"https:\/\/api.w.org\/{rel}","templated":true}]}}