{"id":6299,"date":"2017-10-11T16:30:11","date_gmt":"2017-10-11T19:30:11","guid":{"rendered":"https:\/\/blogs.correiobraziliense.com.br\/vicente\/?p=6299"},"modified":"2017-10-11T15:15:16","modified_gmt":"2017-10-11T18:15:16","slug":"atentos-reforma-da-previdencia-brasileiros-buscam-planos-abertos","status":"publish","type":"post","link":"https:\/\/blogs.correiobraziliense.com.br\/vicente\/atentos-reforma-da-previdencia-brasileiros-buscam-planos-abertos\/","title":{"rendered":"Atentos \u00e0 reforma da Previd\u00eancia, brasileiros buscam planos abertos"},"content":{"rendered":"<p class=\"p2\">ANTONIO TEM\u00d3TEO<\/p>\n<p class=\"p2\">\n<p class=\"p2\">De janeiro a agosto de 2017, os planos de previd\u00eancia privada arrecadaram R$ 1,6 bilh\u00e3o no Distrito Federal, conforme dados da Confedera\u00e7\u00e3o Nacional das Empresas de Seguros Gerais, Previd\u00eancia Privada e Vida, Sa\u00fade Suplementar e Capitaliza\u00e7\u00e3o (CNseg).<\/p>\n<p class=\"p2\">\n<p class=\"p2\">Esse valor \u00e9 mais que o dobro do volume de recursos aportados no segmento no ano passado, quando a cifra totalizou R$ 758 milh\u00f5es. Na pr\u00e1tica, o crescimento chega a 121%. A expans\u00e3o dos planos de previd\u00eancia privada ocorre em paralelo as discuss\u00f5es no Congresso Nacional para mudar as regras para concess\u00e3o de benef\u00edcios do Instituto Nacional do Seguro Social.<\/p>\n<p class=\"p2\">\n<p class=\"p2\">Para se ter uma ideia, o setor registrou crescimento de 5,8% em todo o pa\u00eds. O DF obteve o maior crescimento nas regi\u00f5es Centro-Oeste, Sul e Sudeste. S\u00f3 perdeu para estados do Norte, em que o n\u00edvel de contrata\u00e7\u00e3o ainda \u00e9 baixo e os n\u00edveis de expans\u00e3o s\u00e3o robustos percentualmente.<\/p>\n","protected":false},"excerpt":{"rendered":"<p>ANTONIO TEM\u00d3TEO De janeiro a agosto de 2017, os planos de previd\u00eancia privada arrecadaram R$ 1,6 bilh\u00e3o no Distrito Federal, conforme dados da Confedera\u00e7\u00e3o Nacional das Empresas de Seguros Gerais, Previd\u00eancia Privada e Vida, Sa\u00fade Suplementar e Capitaliza\u00e7\u00e3o (CNseg). Esse valor \u00e9 mais que o dobro do volume de recursos aportados no segmento no ano [&hellip;]<\/p>\n","protected":false},"author":22,"featured_media":0,"comment_status":"open","ping_status":"closed","sticky":false,"template":"","format":"standard","meta":{"footnotes":""},"categories":[600],"tags":[297,2809,1532,755,2808],"class_list":["post-6299","post","type-post","status-publish","format-standard","hentry","category-economia","tag-arrecadacao","tag-cnseg","tag-df","tag-distrito-federal","tag-previdencia-privada"],"_links":{"self":[{"href":"https:\/\/blogs.correiobraziliense.com.br\/vicente\/wp-json\/wp\/v2\/posts\/6299","targetHints":{"allow":["GET"]}}],"collection":[{"href":"https:\/\/blogs.correiobraziliense.com.br\/vicente\/wp-json\/wp\/v2\/posts"}],"about":[{"href":"https:\/\/blogs.correiobraziliense.com.br\/vicente\/wp-json\/wp\/v2\/types\/post"}],"author":[{"embeddable":true,"href":"https:\/\/blogs.correiobraziliense.com.br\/vicente\/wp-json\/wp\/v2\/users\/22"}],"replies":[{"embeddable":true,"href":"https:\/\/blogs.correiobraziliense.com.br\/vicente\/wp-json\/wp\/v2\/comments?post=6299"}],"version-history":[{"count":1,"href":"https:\/\/blogs.correiobraziliense.com.br\/vicente\/wp-json\/wp\/v2\/posts\/6299\/revisions"}],"predecessor-version":[{"id":6300,"href":"https:\/\/blogs.correiobraziliense.com.br\/vicente\/wp-json\/wp\/v2\/posts\/6299\/revisions\/6300"}],"wp:attachment":[{"href":"https:\/\/blogs.correiobraziliense.com.br\/vicente\/wp-json\/wp\/v2\/media?parent=6299"}],"wp:term":[{"taxonomy":"category","embeddable":true,"href":"https:\/\/blogs.correiobraziliense.com.br\/vicente\/wp-json\/wp\/v2\/categories?post=6299"},{"taxonomy":"post_tag","embeddable":true,"href":"https:\/\/blogs.correiobraziliense.com.br\/vicente\/wp-json\/wp\/v2\/tags?post=6299"}],"curies":[{"name":"wp","href":"https:\/\/api.w.org\/{rel}","templated":true}]}}