{"id":6297,"date":"2017-10-11T14:43:03","date_gmt":"2017-10-11T17:43:03","guid":{"rendered":"https:\/\/blogs.correiobraziliense.com.br\/vicente\/?p=6297"},"modified":"2017-10-11T14:43:03","modified_gmt":"2017-10-11T17:43:03","slug":"ilan-sinaliza-que-juros-devem-cair-075-pp-no-proximo-encontro-do-copom","status":"publish","type":"post","link":"https:\/\/blogs.correiobraziliense.com.br\/vicente\/ilan-sinaliza-que-juros-devem-cair-075-pp-no-proximo-encontro-do-copom\/","title":{"rendered":"Ilan sinaliza que juros devem cair 0,75 pp no pr\u00f3ximo encontro do Copom"},"content":{"rendered":"<p>ANTONIO TEM\u00d3TEO<\/p>\n<p>&nbsp;<\/p>\n<p>Ao participar do encontro anual do Fundo Monet\u00e1rio Internacional (FMI), em Whashington, nos Estados Unidos, o presidente do Banco Central (BC), Ilan Goldfajn, voltou a sinalizar que os juros devem cair 0,75 ponto percentual no pr\u00f3ximo encontro do Comit\u00ea de Pol\u00edtica Monet\u00e1ria, marcado para 24 e 25 de outubro.<\/p>\n<p>&nbsp;<\/p>\n<p>O comandante do BC destacou em discurso que o Brasil passa por um processo de recupera\u00e7\u00e3o da economia, com um robusto processo de desinfla\u00e7\u00e3o e queda de juros. Ele comentou que esse processo \u00e9 fruto que uma mudan\u00e7a da pol\u00edtica, que trabalhou para ancorar expectativas e recuperar a credibilidade da institui\u00e7\u00e3o.<\/p>\n<p>&nbsp;<\/p>\n<p>No mercado, os analistas s\u00e3o un\u00e2nimes em apostar em uma queda de 0,75 ponto percentual, mas muitos avaliam que a autoridade monet\u00e1ria poder\u00e1 ousar e levar os juros para abaixo de 7% ao ano, ainda em 2017. Caso isso n\u00e3o ocorra, isso poderia ocorrer ainda no primeiro semestre de 2018.<\/p>\n<p>&nbsp;<\/p>\n<p>Entretanto, o BC ficar\u00e1 alerta, mesmo que n\u00e3o admita, as volatilidades que o processo eleitoral do pr\u00f3ximo ano possam causar nos mercados. Caso uma candidato simp\u00e1tico \u00e0s reformas estruturais ganhe for\u00e7a, o processo de queda de juros ter\u00e1 respaldo.<\/p>\n<p>&nbsp;<\/p>\n<p>Entretanto, a elei\u00e7\u00e3o de um pol\u00edtico populista pode levar a eleva\u00e7\u00e3o dos pr\u00eamios de riscos da economia brasileira e obrigaria a equipe de Ilan a elevar os juros. Como nenhuma candidatura se consolidou, o BC aproveita para derrubar ainda mais a infla\u00e7\u00e3o, que corre o risco de ficar abaixo do piso da meta, de 3%.<\/p>\n","protected":false},"excerpt":{"rendered":"<p>ANTONIO TEM\u00d3TEO &nbsp; Ao participar do encontro anual do Fundo Monet\u00e1rio Internacional (FMI), em Whashington, nos Estados Unidos, o presidente do Banco Central (BC), Ilan Goldfajn, voltou a sinalizar que os juros devem cair 0,75 ponto percentual no pr\u00f3ximo encontro do Comit\u00ea de Pol\u00edtica Monet\u00e1ria, marcado para 24 e 25 de outubro. &nbsp; O comandante [&hellip;]<\/p>\n","protected":false},"author":22,"featured_media":0,"comment_status":"open","ping_status":"closed","sticky":false,"template":"","format":"standard","meta":{"footnotes":""},"categories":[600],"tags":[106,2250,107,14,4],"class_list":["post-6297","post","type-post","status-publish","format-standard","hentry","category-economia","tag-bc","tag-fmi","tag-ilan-goldfajn","tag-inflacao","tag-juros"],"_links":{"self":[{"href":"https:\/\/blogs.correiobraziliense.com.br\/vicente\/wp-json\/wp\/v2\/posts\/6297","targetHints":{"allow":["GET"]}}],"collection":[{"href":"https:\/\/blogs.correiobraziliense.com.br\/vicente\/wp-json\/wp\/v2\/posts"}],"about":[{"href":"https:\/\/blogs.correiobraziliense.com.br\/vicente\/wp-json\/wp\/v2\/types\/post"}],"author":[{"embeddable":true,"href":"https:\/\/blogs.correiobraziliense.com.br\/vicente\/wp-json\/wp\/v2\/users\/22"}],"replies":[{"embeddable":true,"href":"https:\/\/blogs.correiobraziliense.com.br\/vicente\/wp-json\/wp\/v2\/comments?post=6297"}],"version-history":[{"count":1,"href":"https:\/\/blogs.correiobraziliense.com.br\/vicente\/wp-json\/wp\/v2\/posts\/6297\/revisions"}],"predecessor-version":[{"id":6298,"href":"https:\/\/blogs.correiobraziliense.com.br\/vicente\/wp-json\/wp\/v2\/posts\/6297\/revisions\/6298"}],"wp:attachment":[{"href":"https:\/\/blogs.correiobraziliense.com.br\/vicente\/wp-json\/wp\/v2\/media?parent=6297"}],"wp:term":[{"taxonomy":"category","embeddable":true,"href":"https:\/\/blogs.correiobraziliense.com.br\/vicente\/wp-json\/wp\/v2\/categories?post=6297"},{"taxonomy":"post_tag","embeddable":true,"href":"https:\/\/blogs.correiobraziliense.com.br\/vicente\/wp-json\/wp\/v2\/tags?post=6297"}],"curies":[{"name":"wp","href":"https:\/\/api.w.org\/{rel}","templated":true}]}}