{"id":6288,"date":"2017-10-05T13:32:30","date_gmt":"2017-10-05T16:32:30","guid":{"rendered":"https:\/\/blogs.correiobraziliense.com.br\/vicente\/?p=6288"},"modified":"2017-10-05T13:33:04","modified_gmt":"2017-10-05T16:33:04","slug":"diretores-afastados-do-postalis-recorrem-contra-intervencao-da-previc","status":"publish","type":"post","link":"https:\/\/blogs.correiobraziliense.com.br\/vicente\/diretores-afastados-do-postalis-recorrem-contra-intervencao-da-previc\/","title":{"rendered":"Diretores afastados do Postalis recorrem contra interven\u00e7\u00e3o da Previc"},"content":{"rendered":"<p class=\"p1\">POR ANTONIO TEM\u00d3TEO<\/p>\n<p class=\"p1\">Em recursos encaminhado hoje a Superintend\u00eancia Nacional de Previd\u00eancia Complementar (Previc), os diretores afastados do Postalis Christian Schneider e o diretor Luiz Alberto Barreto avaliaram que a interven\u00e7\u00e3o decretada ontem pelo xerife dos fundos de pens\u00e3o n\u00e3o observou os procedimentos adequados do segmento.<\/p>\n<p class=\"p1\">Conforme eles, as portarias foram publicadas sem qualquer explica\u00e7\u00e3o sobre os motivos que levaram \u00e0 interven\u00e7\u00e3o e nenhum motivo concreto foi apresentado que justificaram o afastamento de todos os dirigentes da entidade fechada de previd\u00eancia complementar e a nomea\u00e7\u00e3o de um interventor.<\/p>\n<p class=\"p1\">Schneider e Barreto ainda destacaram que a interven\u00e7\u00e3o foi tomada na contram\u00e3o de todos os entendimentos mantidos entre a diretoria do Postalis e a Previc, que, segundo eles, se reuniram em diversas oportunidades para esclarecer as medidas tomadas para recuperar as contas do fundo de pens\u00e3o.<\/p>\n<p class=\"p1\">Eles classificaram o afastamento e a indisponibilidade de bens como medidas de extrema gravidade e rigorosidade. Os dirigentes afastados ainda classificaram a decis\u00e3o da diretoria Previc inadequada. Eles detalharam que n\u00e3o foram notificados sobre poss\u00edveis problemas na gest\u00e3o da entidade fechada de previd\u00eancia complementar, sequer nomeou equipe de supervis\u00e3o permanente para acompanhar poss\u00edveis problemas identificados ou nomeou um diretor fiscal para acompanhar as contas da funda\u00e7\u00e3o.<\/p>\n<p class=\"p1\">Conforme ele, o ato administrativo foi tomado sem provas concretas e \u00e9 uma ofensa ao direito de defesa e contradit\u00f3rio. Os dois requerem total provimento do recurso e que a interven\u00e7\u00e3o seja anulada. Barreto e Schneider tamb\u00e9m cogitam a possiblidade de recorrer \u00e0 Justi\u00e7a caso o recurso seja indeferido.<\/p>\n","protected":false},"excerpt":{"rendered":"<p>POR ANTONIO TEM\u00d3TEO Em recursos encaminhado hoje a Superintend\u00eancia Nacional de Previd\u00eancia Complementar (Previc), os diretores afastados do Postalis Christian Schneider e o diretor Luiz Alberto Barreto avaliaram que a interven\u00e7\u00e3o decretada ontem pelo xerife dos fundos de pens\u00e3o n\u00e3o observou os procedimentos adequados do segmento. Conforme eles, as portarias foram publicadas sem qualquer explica\u00e7\u00e3o [&hellip;]<\/p>\n","protected":false},"author":22,"featured_media":0,"comment_status":"open","ping_status":"closed","sticky":false,"template":"","format":"standard","meta":{"footnotes":""},"categories":[600],"tags":[710,259,251,2807],"class_list":["post-6288","post","type-post","status-publish","format-standard","hentry","category-economia","tag-intervencao","tag-postalis","tag-previc","tag-recurso"],"_links":{"self":[{"href":"https:\/\/blogs.correiobraziliense.com.br\/vicente\/wp-json\/wp\/v2\/posts\/6288","targetHints":{"allow":["GET"]}}],"collection":[{"href":"https:\/\/blogs.correiobraziliense.com.br\/vicente\/wp-json\/wp\/v2\/posts"}],"about":[{"href":"https:\/\/blogs.correiobraziliense.com.br\/vicente\/wp-json\/wp\/v2\/types\/post"}],"author":[{"embeddable":true,"href":"https:\/\/blogs.correiobraziliense.com.br\/vicente\/wp-json\/wp\/v2\/users\/22"}],"replies":[{"embeddable":true,"href":"https:\/\/blogs.correiobraziliense.com.br\/vicente\/wp-json\/wp\/v2\/comments?post=6288"}],"version-history":[{"count":2,"href":"https:\/\/blogs.correiobraziliense.com.br\/vicente\/wp-json\/wp\/v2\/posts\/6288\/revisions"}],"predecessor-version":[{"id":6291,"href":"https:\/\/blogs.correiobraziliense.com.br\/vicente\/wp-json\/wp\/v2\/posts\/6288\/revisions\/6291"}],"wp:attachment":[{"href":"https:\/\/blogs.correiobraziliense.com.br\/vicente\/wp-json\/wp\/v2\/media?parent=6288"}],"wp:term":[{"taxonomy":"category","embeddable":true,"href":"https:\/\/blogs.correiobraziliense.com.br\/vicente\/wp-json\/wp\/v2\/categories?post=6288"},{"taxonomy":"post_tag","embeddable":true,"href":"https:\/\/blogs.correiobraziliense.com.br\/vicente\/wp-json\/wp\/v2\/tags?post=6288"}],"curies":[{"name":"wp","href":"https:\/\/api.w.org\/{rel}","templated":true}]}}