{"id":6271,"date":"2017-10-04T08:38:06","date_gmt":"2017-10-04T11:38:06","guid":{"rendered":"https:\/\/blogs.correiobraziliense.com.br\/vicente\/?p=6271"},"modified":"2017-10-04T10:53:48","modified_gmt":"2017-10-04T13:53:48","slug":"6271-2","status":"publish","type":"post","link":"https:\/\/blogs.correiobraziliense.com.br\/vicente\/6271-2\/","title":{"rendered":"Previc decreta interven\u00e7\u00e3o no Postalis"},"content":{"rendered":"<p>ANTONIO TEM\u00d3TEO<\/p>\n<p>&nbsp;<\/p>\n<p>A Superintend\u00eancia Nacional de Previd\u00eancia Complementar (Previc) publicou as Portarias n\u00ba 955 e n\u00ba 956, de 3\/10\/2017, que decretam interven\u00e7\u00e3o no Postalis, o fundo de pens\u00e3o dos empregados dos Correios, pelo prazo de 180 dias.<\/p>\n<p>&nbsp;<\/p>\n<p>Conforme \u00a0o xerife dos fundos de pens\u00e3o a decis\u00e3o foi tomada por descumprimento de normas relacionadas \u00e0 contabiliza\u00e7\u00e3o de reservas t\u00e9cnicas e aplica\u00e7\u00e3o de recursos.<\/p>\n<p>&nbsp;<\/p>\n<p>Walter de Carvalho Parente foi nomeando pelo superintendente da Previc, F\u00e1bio Coelho, como interventor e caber\u00e1 a ele coordenar os trabalhos para sanar os problemas identificados.<\/p>\n<p>&nbsp;<\/p>\n<p>Toda a diretoria do Postalis e todos os conselheiros da entidade fechada de previd\u00eancia complementar ser\u00e3o destitu\u00eddos pelo interventor e novas elei\u00e7\u00f5es ser\u00e3o convocadas para escolha dos dirigentes que devem ser eleitos pelos participantes.<\/p>\n","protected":false},"excerpt":{"rendered":"<p>ANTONIO TEM\u00d3TEO &nbsp; A Superintend\u00eancia Nacional de Previd\u00eancia Complementar (Previc) publicou as Portarias n\u00ba 955 e n\u00ba 956, de 3\/10\/2017, que decretam interven\u00e7\u00e3o no Postalis, o fundo de pens\u00e3o dos empregados dos Correios, pelo prazo de 180 dias. &nbsp; Conforme \u00a0o xerife dos fundos de pens\u00e3o a decis\u00e3o foi tomada por descumprimento de normas relacionadas [&hellip;]<\/p>\n","protected":false},"author":22,"featured_media":0,"comment_status":"open","ping_status":"closed","sticky":false,"template":"","format":"standard","meta":{"footnotes":""},"categories":[600],"tags":[710,259,251],"class_list":["post-6271","post","type-post","status-publish","format-standard","hentry","category-economia","tag-intervencao","tag-postalis","tag-previc"],"_links":{"self":[{"href":"https:\/\/blogs.correiobraziliense.com.br\/vicente\/wp-json\/wp\/v2\/posts\/6271","targetHints":{"allow":["GET"]}}],"collection":[{"href":"https:\/\/blogs.correiobraziliense.com.br\/vicente\/wp-json\/wp\/v2\/posts"}],"about":[{"href":"https:\/\/blogs.correiobraziliense.com.br\/vicente\/wp-json\/wp\/v2\/types\/post"}],"author":[{"embeddable":true,"href":"https:\/\/blogs.correiobraziliense.com.br\/vicente\/wp-json\/wp\/v2\/users\/22"}],"replies":[{"embeddable":true,"href":"https:\/\/blogs.correiobraziliense.com.br\/vicente\/wp-json\/wp\/v2\/comments?post=6271"}],"version-history":[{"count":5,"href":"https:\/\/blogs.correiobraziliense.com.br\/vicente\/wp-json\/wp\/v2\/posts\/6271\/revisions"}],"predecessor-version":[{"id":6276,"href":"https:\/\/blogs.correiobraziliense.com.br\/vicente\/wp-json\/wp\/v2\/posts\/6271\/revisions\/6276"}],"wp:attachment":[{"href":"https:\/\/blogs.correiobraziliense.com.br\/vicente\/wp-json\/wp\/v2\/media?parent=6271"}],"wp:term":[{"taxonomy":"category","embeddable":true,"href":"https:\/\/blogs.correiobraziliense.com.br\/vicente\/wp-json\/wp\/v2\/categories?post=6271"},{"taxonomy":"post_tag","embeddable":true,"href":"https:\/\/blogs.correiobraziliense.com.br\/vicente\/wp-json\/wp\/v2\/tags?post=6271"}],"curies":[{"name":"wp","href":"https:\/\/api.w.org\/{rel}","templated":true}]}}