{"id":6267,"date":"2017-10-03T19:04:21","date_gmt":"2017-10-03T22:04:21","guid":{"rendered":"https:\/\/blogs.correiobraziliense.com.br\/vicente\/?p=6267"},"modified":"2017-10-03T20:11:17","modified_gmt":"2017-10-03T23:11:17","slug":"dois-cerimoniais-e-dinheiro-publico-indo-para-o-ralo","status":"publish","type":"post","link":"https:\/\/blogs.correiobraziliense.com.br\/vicente\/dois-cerimoniais-e-dinheiro-publico-indo-para-o-ralo\/","title":{"rendered":"Dois cerimoniais e dinheiro p\u00fablico indo para o ralo"},"content":{"rendered":"<h2>ANTONIO TEM\u00d3TEO<\/h2>\n<h2><\/h2>\n<h2>Quem acompanhou a recente viagem do presidente Michel Temer aos Estados Unidos, onde ele participou da Assembleia-Geral das Na\u00e7\u00f5es Unidas (ONU), teve certeza de que, no Brasil, dinheiro p\u00fablico \u00e9 tratado como capim, como se brotasse a cada esquina.<\/h2>\n<p>&nbsp;<\/p>\n<p>Enquanto os chefes de governo dos pa\u00edses mais ricos do mundo estavam acompanhados de dois, no m\u00e1ximo tr\u00eas, diplomatas, a comitiva brasileira tinha mais de duas dezenas. N\u00e3o sem raz\u00e3o: o Brasil \u00e9 o \u00fanico pa\u00eds do mundo que tem dois cerimoniais para tratar de viagens presidenciais.<\/p>\n<p>&nbsp;<\/p>\n<p>H\u00e1 o cerimonial do Itamaraty, chefiado pelo embaixador Jo\u00e3o Mendes Pereira, e o cerimonial da Presid\u00eancia da Rep\u00fablica, comandado pelo embaixador Pompeu Andreucci Neto.\u00a0 Os dois cerimoniais fazem praticamente a mesma coisa quando se trata de viagem ao exterior do presidente.<\/p>\n<p>&nbsp;<\/p>\n<p><strong>Constrangimento<\/strong><\/p>\n<p>&nbsp;<\/p>\n<p>Em todas as viagens, as duas equipes s\u00e3o deslocadas para o exterior. Em Nova York, ocuparam 22 quartos de hotel. Tudo pago pelos cofres p\u00fablicos. H\u00e1 tanta gente nas comitivas que a bate\u00e7\u00e3o de cabe\u00e7a \u00e9 grande. No fundo, a maioria dos diplomatas \u00e9 usada para carregar malas dos chefes. Um desperd\u00edcio de m\u00e3o de obra e de dinheiro de impostos.<\/p>\n<p>&nbsp;<\/p>\n<p>O excesso de pessoas nas comitivas brasileiras sempre \u00e9 alvo de chacota por parte de diplomatas de outros pa\u00edses, nos quais o dinheiro p\u00fablico \u00e9 tratado com respeito. Por protocolo, por exemplo, quando um chefe de Estado est\u00e1 em visita oficial a outro pa\u00eds, o carro do cerimonial vai na frente, abrindo alas. No caso do presidente do Brasil, v\u00e3o dois.<\/p>\n<p>&nbsp;<\/p>\n<p>Isso resulta em constrangimentos, inclusive para autoridades brasileiras. Como o servi\u00e7o de cerimonial \u00e9 duplo e n\u00e3o se entende, recentemente, em Nova York, os ministros Moreira Franco (secret\u00e1rio-geral da Presid\u00eancia), Torquato Jardim (Justi\u00e7a) Maur\u00edcio Quintela (Transportes) foram barrados na entrada do Hotel Four Season, no qual o Temer estava hospedo. Tinha tanta gente nas comitivas, mas ningu\u00e9m para evitar o vexame.<\/p>\n<p>&nbsp;<\/p>\n<p><em>Bras\u00edlia, 19h04min<\/em><\/p>\n","protected":false},"excerpt":{"rendered":"<p>ANTONIO TEM\u00d3TEO Quem acompanhou a recente viagem do presidente Michel Temer aos Estados Unidos, onde ele participou da Assembleia-Geral das Na\u00e7\u00f5es Unidas (ONU), teve certeza de que, no Brasil, dinheiro p\u00fablico \u00e9 tratado como capim, como se brotasse a cada esquina. &nbsp; Enquanto os chefes de governo dos pa\u00edses mais ricos do mundo estavam acompanhados [&hellip;]<\/p>\n","protected":false},"author":22,"featured_media":0,"comment_status":"open","ping_status":"closed","sticky":false,"template":"","format":"standard","meta":{"footnotes":""},"categories":[600],"tags":[995,2800,532,2799,329,2735,846,125,668],"class_list":["post-6267","post","type-post","status-publish","format-standard","hentry","category-economia","tag-cerimonial","tag-comitivas","tag-desperdicio","tag-exterior","tag-itamaraty","tag-pompeu","tag-presidencia-da-republica","tag-temer","tag-viagem"],"_links":{"self":[{"href":"https:\/\/blogs.correiobraziliense.com.br\/vicente\/wp-json\/wp\/v2\/posts\/6267","targetHints":{"allow":["GET"]}}],"collection":[{"href":"https:\/\/blogs.correiobraziliense.com.br\/vicente\/wp-json\/wp\/v2\/posts"}],"about":[{"href":"https:\/\/blogs.correiobraziliense.com.br\/vicente\/wp-json\/wp\/v2\/types\/post"}],"author":[{"embeddable":true,"href":"https:\/\/blogs.correiobraziliense.com.br\/vicente\/wp-json\/wp\/v2\/users\/22"}],"replies":[{"embeddable":true,"href":"https:\/\/blogs.correiobraziliense.com.br\/vicente\/wp-json\/wp\/v2\/comments?post=6267"}],"version-history":[{"count":1,"href":"https:\/\/blogs.correiobraziliense.com.br\/vicente\/wp-json\/wp\/v2\/posts\/6267\/revisions"}],"predecessor-version":[{"id":6268,"href":"https:\/\/blogs.correiobraziliense.com.br\/vicente\/wp-json\/wp\/v2\/posts\/6267\/revisions\/6268"}],"wp:attachment":[{"href":"https:\/\/blogs.correiobraziliense.com.br\/vicente\/wp-json\/wp\/v2\/media?parent=6267"}],"wp:term":[{"taxonomy":"category","embeddable":true,"href":"https:\/\/blogs.correiobraziliense.com.br\/vicente\/wp-json\/wp\/v2\/categories?post=6267"},{"taxonomy":"post_tag","embeddable":true,"href":"https:\/\/blogs.correiobraziliense.com.br\/vicente\/wp-json\/wp\/v2\/tags?post=6267"}],"curies":[{"name":"wp","href":"https:\/\/api.w.org\/{rel}","templated":true}]}}