{"id":6265,"date":"2017-10-03T18:23:40","date_gmt":"2017-10-03T21:23:40","guid":{"rendered":"https:\/\/blogs.correiobraziliense.com.br\/vicente\/?p=6265"},"modified":"2017-10-04T17:45:58","modified_gmt":"2017-10-04T20:45:58","slug":"mae-consegue-bloquear-conta-que-pagaria-divida-de-filho","status":"publish","type":"post","link":"https:\/\/blogs.correiobraziliense.com.br\/vicente\/mae-consegue-bloquear-conta-que-pagaria-divida-de-filho\/","title":{"rendered":"Justi\u00e7a determina que d\u00edvidas de filho n\u00e3o sejam pagas com recursos de conta conjunta com a m\u00e3e"},"content":{"rendered":"<h2>HAMILTON FERRARI<\/h2>\n<h2><\/h2>\n<h2>Um idosa conseguiu evitar na Justi\u00e7a que parte do dinheiro de sua conta-corrente fosse usada para pagar d\u00edvidas de seu filho. Os dois t\u00eam conta conjunta. A decis\u00e3o favor\u00e1vel \u00e0 idosa foi tomada pela Terceira Turma do Superior Tribunal de Justi\u00e7a (STJ).<\/h2>\n<p>&nbsp;<\/p>\n<p>Segundo o STJ, uma conta-corrente conjunta n\u00e3o pode ter todo o saldo penhorado para o pagamento de d\u00edvida de apenas um dos titulares.<\/p>\n<p>&nbsp;<\/p>\n<p>Ao recorrer ao STJ, a senhora alegou que os valores dispon\u00edveis na conta conjunta eram integralmente seus. Ela havia optado por incluir o filho como segundo titular para que ele pudesse auxilia-la nos gastos e no controle do or\u00e7amento.<\/p>\n<p>&nbsp;<\/p>\n<p>Ao julgar o caso nesta ter\u00e7a-feira\u00a0(3\/10) a ministra Nancy Andrighi considerou que os atos praticados por qualquer dos titulares n\u00e3o pode afetar os demais correntistas em suas rela\u00e7\u00f5es com terceiros. A solidariedade entre os correntistas existe apenas em rela\u00e7\u00e3o ao banco.<\/p>\n<p>&nbsp;<\/p>\n<p>Assim, a Turma, por unanimidade, entendeu ser poss\u00edvel permitir a comprova\u00e7\u00e3o dos valores que integram o patrim\u00f4nio de cada um. Como no caso da idosa n\u00e3o foi reconhecida prova da propriedade, presumiu-se a divis\u00e3o do saldo em partes iguais.<\/p>\n<p>&nbsp;<\/p>\n<p><em>Bras\u00edlia, 18h23min<\/em><\/p>\n","protected":false},"excerpt":{"rendered":"<p>HAMILTON FERRARI Um idosa conseguiu evitar na Justi\u00e7a que parte do dinheiro de sua conta-corrente fosse usada para pagar d\u00edvidas de seu filho. Os dois t\u00eam conta conjunta. A decis\u00e3o favor\u00e1vel \u00e0 idosa foi tomada pela Terceira Turma do Superior Tribunal de Justi\u00e7a (STJ). &nbsp; Segundo o STJ, uma conta-corrente conjunta n\u00e3o pode ter todo [&hellip;]<\/p>\n","protected":false},"author":22,"featured_media":0,"comment_status":"open","ping_status":"closed","sticky":false,"template":"","format":"standard","meta":{"footnotes":""},"categories":[600],"tags":[303,2798,2205,602],"class_list":["post-6265","post","type-post","status-publish","format-standard","hentry","category-economia","tag-divida","tag-filho","tag-mae","tag-stj"],"_links":{"self":[{"href":"https:\/\/blogs.correiobraziliense.com.br\/vicente\/wp-json\/wp\/v2\/posts\/6265","targetHints":{"allow":["GET"]}}],"collection":[{"href":"https:\/\/blogs.correiobraziliense.com.br\/vicente\/wp-json\/wp\/v2\/posts"}],"about":[{"href":"https:\/\/blogs.correiobraziliense.com.br\/vicente\/wp-json\/wp\/v2\/types\/post"}],"author":[{"embeddable":true,"href":"https:\/\/blogs.correiobraziliense.com.br\/vicente\/wp-json\/wp\/v2\/users\/22"}],"replies":[{"embeddable":true,"href":"https:\/\/blogs.correiobraziliense.com.br\/vicente\/wp-json\/wp\/v2\/comments?post=6265"}],"version-history":[{"count":5,"href":"https:\/\/blogs.correiobraziliense.com.br\/vicente\/wp-json\/wp\/v2\/posts\/6265\/revisions"}],"predecessor-version":[{"id":6280,"href":"https:\/\/blogs.correiobraziliense.com.br\/vicente\/wp-json\/wp\/v2\/posts\/6265\/revisions\/6280"}],"wp:attachment":[{"href":"https:\/\/blogs.correiobraziliense.com.br\/vicente\/wp-json\/wp\/v2\/media?parent=6265"}],"wp:term":[{"taxonomy":"category","embeddable":true,"href":"https:\/\/blogs.correiobraziliense.com.br\/vicente\/wp-json\/wp\/v2\/categories?post=6265"},{"taxonomy":"post_tag","embeddable":true,"href":"https:\/\/blogs.correiobraziliense.com.br\/vicente\/wp-json\/wp\/v2\/tags?post=6265"}],"curies":[{"name":"wp","href":"https:\/\/api.w.org\/{rel}","templated":true}]}}