{"id":6261,"date":"2017-10-03T14:34:36","date_gmt":"2017-10-03T17:34:36","guid":{"rendered":"https:\/\/blogs.correiobraziliense.com.br\/vicente\/?p=6261"},"modified":"2017-10-03T14:34:36","modified_gmt":"2017-10-03T17:34:36","slug":"brasilienses-deixaram-de-gastar-r-300-milhoes-apos-intervencao-do-cade-em-postos-de-combustiveis","status":"publish","type":"post","link":"https:\/\/blogs.correiobraziliense.com.br\/vicente\/brasilienses-deixaram-de-gastar-r-300-milhoes-apos-intervencao-do-cade-em-postos-de-combustiveis\/","title":{"rendered":"Brasilienses pouparam R$ 300 milh\u00f5es ap\u00f3s interven\u00e7\u00e3o do Cade em postos de combust\u00edveis"},"content":{"rendered":"<p>ANTONIO TEM\u00d3TEO e PAULO SILVA PINTO<\/p>\n<p>&nbsp;<\/p>\n<p>Os brasilienses economizaram R$ 300 milh\u00f5es desde novembro de 2015, quando o Conselho Administrativo de Defesa Econ\u00f4mica (Cade) e o Minist\u00e9rio P\u00fablico do Distrito Federal e Territ\u00f3rios (MPDFT) deflagraram opera\u00e7\u00e3o para acabar com o cartel de combust\u00edveis na capital do pa\u00eds. A estimativa foi divulgada ao <strong>Blog<\/strong> pelo presidente do Cade, Alexandre Barreto.<\/p>\n<p>&nbsp;<\/p>\n<p>Apesar disso, ele detalha que a organiza\u00e7\u00e3o criminosa embolsou pelo menos R$ 2 bilh\u00f5es nos cinco anos anteriores em que os pre\u00e7os eram combinados livremente. As investiga\u00e7\u00f5es revelaram que existia uma sobretaxa de 20% sob a gasolina para os consumidores. O pre\u00e7o do \u00e1lcool era inflado para evitar sua penetra\u00e7\u00e3o no mercado brasiliense e o sindicato dos postos era usado no esquema.<\/p>\n<p>&nbsp;<\/p>\n<p>Barreto ainda explica que o monitoramento dos postos no DF continua e que mesmo com a alta no pre\u00e7o dos combust\u00edveis diante do reajuste de impostos, as margens dos estabelecimentos continuam iguais. Ele ressalta que o trabalho tamb\u00e9m \u00e9 realizado em diversas cidades do pa\u00eds. Entretanto, n\u00e3o detalha em quais h\u00e1 suspeita de carteliza\u00e7\u00e3o j\u00e1 que as investiga\u00e7\u00f5es ocorrem sob sigilo.<\/p>\n","protected":false},"excerpt":{"rendered":"<p>ANTONIO TEM\u00d3TEO e PAULO SILVA PINTO &nbsp; Os brasilienses economizaram R$ 300 milh\u00f5es desde novembro de 2015, quando o Conselho Administrativo de Defesa Econ\u00f4mica (Cade) e o Minist\u00e9rio P\u00fablico do Distrito Federal e Territ\u00f3rios (MPDFT) deflagraram opera\u00e7\u00e3o para acabar com o cartel de combust\u00edveis na capital do pa\u00eds. A estimativa foi divulgada ao Blog pelo [&hellip;]<\/p>\n","protected":false},"author":22,"featured_media":0,"comment_status":"open","ping_status":"closed","sticky":false,"template":"","format":"standard","meta":{"footnotes":""},"categories":[600],"tags":[2792,239,2187,998,270],"class_list":["post-6261","post","type-post","status-publish","format-standard","hentry","category-economia","tag-alexandre-barreto","tag-cade","tag-cartel","tag-combustiveis","tag-mpdft"],"_links":{"self":[{"href":"https:\/\/blogs.correiobraziliense.com.br\/vicente\/wp-json\/wp\/v2\/posts\/6261","targetHints":{"allow":["GET"]}}],"collection":[{"href":"https:\/\/blogs.correiobraziliense.com.br\/vicente\/wp-json\/wp\/v2\/posts"}],"about":[{"href":"https:\/\/blogs.correiobraziliense.com.br\/vicente\/wp-json\/wp\/v2\/types\/post"}],"author":[{"embeddable":true,"href":"https:\/\/blogs.correiobraziliense.com.br\/vicente\/wp-json\/wp\/v2\/users\/22"}],"replies":[{"embeddable":true,"href":"https:\/\/blogs.correiobraziliense.com.br\/vicente\/wp-json\/wp\/v2\/comments?post=6261"}],"version-history":[{"count":1,"href":"https:\/\/blogs.correiobraziliense.com.br\/vicente\/wp-json\/wp\/v2\/posts\/6261\/revisions"}],"predecessor-version":[{"id":6262,"href":"https:\/\/blogs.correiobraziliense.com.br\/vicente\/wp-json\/wp\/v2\/posts\/6261\/revisions\/6262"}],"wp:attachment":[{"href":"https:\/\/blogs.correiobraziliense.com.br\/vicente\/wp-json\/wp\/v2\/media?parent=6261"}],"wp:term":[{"taxonomy":"category","embeddable":true,"href":"https:\/\/blogs.correiobraziliense.com.br\/vicente\/wp-json\/wp\/v2\/categories?post=6261"},{"taxonomy":"post_tag","embeddable":true,"href":"https:\/\/blogs.correiobraziliense.com.br\/vicente\/wp-json\/wp\/v2\/tags?post=6261"}],"curies":[{"name":"wp","href":"https:\/\/api.w.org\/{rel}","templated":true}]}}