{"id":6240,"date":"2017-09-29T13:17:26","date_gmt":"2017-09-29T16:17:26","guid":{"rendered":"https:\/\/blogs.correiobraziliense.com.br\/vicente\/?p=6240"},"modified":"2017-09-29T15:26:23","modified_gmt":"2017-09-29T18:26:23","slug":"temer-tentou-fechar-acordo-com-janot-diz-renan","status":"publish","type":"post","link":"https:\/\/blogs.correiobraziliense.com.br\/vicente\/temer-tentou-fechar-acordo-com-janot-diz-renan\/","title":{"rendered":"Temer tentou fechar acordo com Janot, diz Renan"},"content":{"rendered":"<h2>DENISE ROTHENBURG<\/h2>\n<h2><\/h2>\n<h2>Primeiro defensor da devolu\u00e7\u00e3o do mandato a A\u00e9cio Neves, o senador Renan Calheiros trata de deixar bem claro que seus gestos n\u00e3o representam uma volta ao colo do governo de Michel Temer. \u201c(Rodrigo) Janot fez tanta besteira que criou condi\u00e7\u00f5es para o Michel se salvar\u201d, diz o ex-presidente do Senado, acusando o presidente de, por duas vezes, ter tentado fazer acordos com o ex-procurador-geral Rodrigo Janot.<\/h2>\n<p>&nbsp;<\/p>\n<p>A segunda tentativa, conta Renan, foi no in\u00edcio do ano. Diz Renan que Temer \u201cfecharia os olhos\u201d, ou seja, n\u00e3o interferiria na sucess\u00e3o de Janot e, em troca, o procurador-geral n\u00e3o denunciaria os ministros. \u201cEu disse, Michel, voc\u00ea n\u00e3o vai fazer acordo com Janot. Ele traiu o Fabiano (Silveira, ex-ministro da Transpar\u00eancia de Temer, que pediu demiss\u00e3o ao ser flagrado nos \u00e1udios de S\u00e9rgio Machado criticando a Lava-Jato). Vai trair voc\u00ea na primeira esquina.\u201d<\/p>\n<p>&nbsp;<\/p>\n<p>A primeira tentativa teria sido ainda no governo Dilma. Renan afirma que o vice-presidente recebeu Janot e pediu que tirasse Henrique Eduardo Alves da lista de investigados para que o ent\u00e3o ex-presidente da C\u00e2mara pudesse ser ministro do Turismo.<\/p>\n<p>&nbsp;<\/p>\n<p>Conta Renan: \u201cO encontro que Michel teve com Janot foi para isso. Janot me mandou o seguinte recado, por interm\u00e9dio de um amigo: Diga ao Renan que ele n\u00e3o tem prest\u00edgio nenhum com o vice-presidente, que me pediu que tirasse Henrique e Eduardo (Cunha) da lista. Janot tirou Henrique, que virou ministro, mas Eduardo Cunha, a for\u00e7a-tarefa n\u00e3o permitiu\u201d, afirma Renan. \u201cDiziam (Geddel, Eduardo Cunha) que quem tinha a ver com a Lava Jato era o Renan\u201d, comenta o senador alagoano.<\/p>\n<p>&nbsp;<\/p>\n<p>Renan vai al\u00e9m: \u201cPedi ao Michel que demitisse Osmar Serraglio do Minist\u00e9rio da Justi\u00e7a porque tinha sido indica\u00e7\u00e3o do Cunha e ele me respondeu: Renan, voc\u00ea sabe que estou sendo chantageado\u201d.<\/p>\n<p>&nbsp;<\/p>\n<p>Ministros do Planalto dizem que Renan Calheiros tem se dedicado a falar mal de Michel Temer e que o presidente jamais buscou acordo com a PGR. Em fevereiro, dizem autoridades do governo, Temer at\u00e9 prop\u00f4s indicar mais uma vez o pr\u00f3prio Janot e o procurador-geral n\u00e3o quis. Os primeiros pedidos de investiga\u00e7\u00e3o, dizem os palacianos, inclu\u00edam apenas Cunha e Renan. Henrique Alves veio depois. Portanto, n\u00e3o houve qualquer pedido do ent\u00e3o vice-presidente ao procurador-geral na \u00e9poca. Oficialmente, o Planalto diz o seguinte: \u201cO senador Renan Calheiros deveria escolher melhor seus amigos-informantes. Verifica-se, pelas informa\u00e7\u00f5es fantasiosas, que essa \u00e9 mais uma de suas escolhas erradas\u201d.<\/p>\n","protected":false},"excerpt":{"rendered":"<p>DENISE ROTHENBURG Primeiro defensor da devolu\u00e7\u00e3o do mandato a A\u00e9cio Neves, o senador Renan Calheiros trata de deixar bem claro que seus gestos n\u00e3o representam uma volta ao colo do governo de Michel Temer. \u201c(Rodrigo) Janot fez tanta besteira que criou condi\u00e7\u00f5es para o Michel se salvar\u201d, diz o ex-presidente do Senado, acusando o presidente [&hellip;]<\/p>\n","protected":false},"author":22,"featured_media":0,"comment_status":"open","ping_status":"closed","sticky":false,"template":"","format":"standard","meta":{"footnotes":""},"categories":[600],"tags":[974,61,2713,2783,111,186,190],"class_list":["post-6240","post","type-post","status-publish","format-standard","hentry","category-economia","tag-acordo","tag-eduardo-cunha","tag-geddel","tag-henrique-alves","tag-michel-temer","tag-renan-calheiros","tag-rodrigo-janot"],"_links":{"self":[{"href":"https:\/\/blogs.correiobraziliense.com.br\/vicente\/wp-json\/wp\/v2\/posts\/6240","targetHints":{"allow":["GET"]}}],"collection":[{"href":"https:\/\/blogs.correiobraziliense.com.br\/vicente\/wp-json\/wp\/v2\/posts"}],"about":[{"href":"https:\/\/blogs.correiobraziliense.com.br\/vicente\/wp-json\/wp\/v2\/types\/post"}],"author":[{"embeddable":true,"href":"https:\/\/blogs.correiobraziliense.com.br\/vicente\/wp-json\/wp\/v2\/users\/22"}],"replies":[{"embeddable":true,"href":"https:\/\/blogs.correiobraziliense.com.br\/vicente\/wp-json\/wp\/v2\/comments?post=6240"}],"version-history":[{"count":1,"href":"https:\/\/blogs.correiobraziliense.com.br\/vicente\/wp-json\/wp\/v2\/posts\/6240\/revisions"}],"predecessor-version":[{"id":6241,"href":"https:\/\/blogs.correiobraziliense.com.br\/vicente\/wp-json\/wp\/v2\/posts\/6240\/revisions\/6241"}],"wp:attachment":[{"href":"https:\/\/blogs.correiobraziliense.com.br\/vicente\/wp-json\/wp\/v2\/media?parent=6240"}],"wp:term":[{"taxonomy":"category","embeddable":true,"href":"https:\/\/blogs.correiobraziliense.com.br\/vicente\/wp-json\/wp\/v2\/categories?post=6240"},{"taxonomy":"post_tag","embeddable":true,"href":"https:\/\/blogs.correiobraziliense.com.br\/vicente\/wp-json\/wp\/v2\/tags?post=6240"}],"curies":[{"name":"wp","href":"https:\/\/api.w.org\/{rel}","templated":true}]}}