{"id":6238,"date":"2017-09-29T08:05:33","date_gmt":"2017-09-29T11:05:33","guid":{"rendered":"https:\/\/blogs.correiobraziliense.com.br\/vicente\/?p=6238"},"modified":"2017-09-29T12:08:43","modified_gmt":"2017-09-29T15:08:43","slug":"falta-de-visao-de-um-marqueteiro-politico","status":"publish","type":"post","link":"https:\/\/blogs.correiobraziliense.com.br\/vicente\/falta-de-visao-de-um-marqueteiro-politico\/","title":{"rendered":"A falta de vis\u00e3o de um marqueteiro pol\u00edtico"},"content":{"rendered":"<h2>Em julho \u00faltimo, quando a rejei\u00e7\u00e3o de Temer igualou-se \u00e0 de Dilma, chegando a 70%, o presidente foi aconselhado a agir e a trocar sua equipe de comunica\u00e7\u00e3o digital. \u00c0 \u00e9poca, o discurso era que Temer n\u00e3o era \u201cdefendido suficientemente\u201d nas redes sociais.<\/h2>\n<p>&nbsp;<\/p>\n<p><strong>Miss\u00e3o definida<\/strong><\/p>\n<p>&nbsp;<\/p>\n<p>\u00bb Para mudar a situa\u00e7\u00e3o, entrou em cena o marqueteiro Elsinho Mouco, acusado por Joesley Batista, da JBS, de receber valores disfar\u00e7ados de propina em nome de Temer. Quando assumiu, Mouco reuniu a equipe do Planalto e avisou que, a partir daquele momento, a miss\u00e3o da comunica\u00e7\u00e3o digital do governo seria alavancar a popularidade de Temer.<\/p>\n<p>&nbsp;<\/p>\n<p><strong>Car\u00e1ter reformista<\/strong><\/p>\n<p>&nbsp;<\/p>\n<p>\u00bb O marqueteiro, amigo pessoal de Temer, antecipou sua estrat\u00e9gia: refor\u00e7aria o car\u00e1ter \u201creformista\u201d do presidente e exaltaria nas redes sociais as conquistas de um governo que estaria \u201cmudando o Brasil para melhor\u201d. \u00c0 \u00e9poca, a popularidade de Temer estava em 5%.<\/p>\n<p>&nbsp;<\/p>\n<p><strong>Fracasso geral<\/strong><\/p>\n<p>&nbsp;<\/p>\n<p>\u00bb Mas Elsinho via no n\u00famero um alento: \u201cN\u00f3s chegamos a 5% de aprova\u00e7\u00e3o. A boa not\u00edcia \u00e9 que, no fundo do po\u00e7o, n\u00e3o podemos cair mais. Agora, \u00e9 s\u00f3 subir\u201d, declarou ele a uma equipe incr\u00e9dula. De l\u00e1 para c\u00e1, a popularidade de Temer caiu ainda mais, para o pior n\u00edvel j\u00e1 registrado por um presidente: 3%. E a reprova\u00e7\u00e3o, que j\u00e1 era elevad\u00edssima, disparou para 77%.<\/p>\n<p>&nbsp;<\/p>\n<p><em>Bras\u00edlia, 08h05min<\/em><\/p>\n","protected":false},"excerpt":{"rendered":"<p>Em julho \u00faltimo, quando a rejei\u00e7\u00e3o de Temer igualou-se \u00e0 de Dilma, chegando a 70%, o presidente foi aconselhado a agir e a trocar sua equipe de comunica\u00e7\u00e3o digital. \u00c0 \u00e9poca, o discurso era que Temer n\u00e3o era \u201cdefendido suficientemente\u201d nas redes sociais. &nbsp; Miss\u00e3o definida &nbsp; \u00bb Para mudar a situa\u00e7\u00e3o, entrou em cena [&hellip;]<\/p>\n","protected":false},"author":22,"featured_media":0,"comment_status":"open","ping_status":"closed","sticky":false,"template":"","format":"standard","meta":{"footnotes":""},"categories":[600],"tags":[],"class_list":["post-6238","post","type-post","status-publish","format-standard","hentry","category-economia"],"_links":{"self":[{"href":"https:\/\/blogs.correiobraziliense.com.br\/vicente\/wp-json\/wp\/v2\/posts\/6238","targetHints":{"allow":["GET"]}}],"collection":[{"href":"https:\/\/blogs.correiobraziliense.com.br\/vicente\/wp-json\/wp\/v2\/posts"}],"about":[{"href":"https:\/\/blogs.correiobraziliense.com.br\/vicente\/wp-json\/wp\/v2\/types\/post"}],"author":[{"embeddable":true,"href":"https:\/\/blogs.correiobraziliense.com.br\/vicente\/wp-json\/wp\/v2\/users\/22"}],"replies":[{"embeddable":true,"href":"https:\/\/blogs.correiobraziliense.com.br\/vicente\/wp-json\/wp\/v2\/comments?post=6238"}],"version-history":[{"count":1,"href":"https:\/\/blogs.correiobraziliense.com.br\/vicente\/wp-json\/wp\/v2\/posts\/6238\/revisions"}],"predecessor-version":[{"id":6239,"href":"https:\/\/blogs.correiobraziliense.com.br\/vicente\/wp-json\/wp\/v2\/posts\/6238\/revisions\/6239"}],"wp:attachment":[{"href":"https:\/\/blogs.correiobraziliense.com.br\/vicente\/wp-json\/wp\/v2\/media?parent=6238"}],"wp:term":[{"taxonomy":"category","embeddable":true,"href":"https:\/\/blogs.correiobraziliense.com.br\/vicente\/wp-json\/wp\/v2\/categories?post=6238"},{"taxonomy":"post_tag","embeddable":true,"href":"https:\/\/blogs.correiobraziliense.com.br\/vicente\/wp-json\/wp\/v2\/tags?post=6238"}],"curies":[{"name":"wp","href":"https:\/\/api.w.org\/{rel}","templated":true}]}}