{"id":6236,"date":"2017-09-29T06:20:07","date_gmt":"2017-09-29T09:20:07","guid":{"rendered":"https:\/\/blogs.correiobraziliense.com.br\/vicente\/?p=6236"},"modified":"2017-09-29T11:42:06","modified_gmt":"2017-09-29T14:42:06","slug":"coluna-no-correio-ao-governo-resta-sentar-e-esperar","status":"publish","type":"post","link":"https:\/\/blogs.correiobraziliense.com.br\/vicente\/coluna-no-correio-ao-governo-resta-sentar-e-esperar\/","title":{"rendered":"Coluna no Correio: Ao governo resta sentar e esperar"},"content":{"rendered":"<p>Enquanto os investimentos produtivos n\u00e3o v\u00eam, o governo tentar\u00e1 manter o f\u00f4lego da economia por meio do consumo das fam\u00edlias. N\u00e3o foi por acaso, portanto, que, ontem, o Pal\u00e1cio do Planalto anunciou, ao mesmo tempo, a libera\u00e7\u00e3o do PIS e do Pasep para idosos e a redu\u00e7\u00e3o das taxas de juros do cr\u00e9dito consignado para servidores e aposentados e pensionistas do Instituto Nacional do Seguro Social (INSS).<\/p>\n<p>&nbsp;<\/p>\n<p>Passado o impacto dos saques de contas inativas do Fundo de Garantia do Tempo de Servi\u00e7o (FGTS) \u2014 as vendas do com\u00e9rcio come\u00e7aram a ratear \u2014, era preciso manter algum est\u00edmulo \u00e0 demanda, mesmo que num grau bem menor. O PIS e o Pasep devem injetar R$ 15,9 bilh\u00f5es no mercado; e a queda dos juros, permitir uma economia de pelo menos R$ 5 bilh\u00f5es com as parcelas dos empr\u00e9stimos, recursos que tendem a migrar para o consumo.<\/p>\n<p>&nbsp;<\/p>\n<p>O governo acredita que, com a demanda das fam\u00edlias crescendo, em algum momento, o empresariado destravar\u00e1 os investimentos. O problema tem sido a crise pol\u00edtica, que n\u00e3o d\u00e1 tr\u00e9gua. Os donos de empresas admitem que o potencial de crescimento do consumo \u00e9 significativo, que os trabalhadores conseguiram reduzir o n\u00edvel de endividamento, por\u00e9m, quando olham para a frente, veem incertezas vindo de Bras\u00edlia. O risco de haver retrocessos no pa\u00eds \u00e9 real ante o quadro totalmente indefinido para as elei\u00e7\u00f5es presidenciais. O medo de perder dinheiro inibe investimentos.<\/p>\n<p>&nbsp;<\/p>\n<p>Apesar de todo o temor do empresariado, o governo acredita que as resist\u00eancias est\u00e3o come\u00e7ando a cair e, j\u00e1 no fim do ano, os investimentos come\u00e7ar\u00e3o a puxar o Produto Interno Bruto (PIB). Essa vis\u00e3o \u00e9 defendida, principalmente, pelo Banco Central, que v\u00ea a forte queda da infla\u00e7\u00e3o e o tombo dos juros como instrumento importante para incrementar a renda dispon\u00edvel das fam\u00edlias.<\/p>\n<p>&nbsp;<\/p>\n<p>O Planalto reconhece, contudo, que essa percep\u00e7\u00e3o de melhora do poder de compra precisa chegar \u00e0 popula\u00e7\u00e3o. Por ironia, \u00e9 na economia que est\u00e1 a maior desaprova\u00e7\u00e3o do presidente Michel Temer. Pela pesquisa realizada pelo Ibope a pedido da Confedera\u00e7\u00e3o Nacional da Ind\u00fastria (CNI), 90% das pessoas consultadas desaprovam o n\u00edvel de impostos do pa\u00eds, 87% condenam os juros altos e 85% consideram ineficazes as medidas de combate ao desemprego.<\/p>\n<p>&nbsp;<\/p>\n<p><strong>Longe do populismo<\/strong><\/p>\n<p>&nbsp;<\/p>\n<p>Economista-chefe da consultoria Parallaxis, Rafael Le\u00e3o ressalta que, sem as medidas de incentivo dadas ao consumo pelo governo, certamente o resultado da economia neste ano e no pr\u00f3ximo seria muito ruim. At\u00e9 a divulga\u00e7\u00e3o do PIB do segundo trimestre, quando se observou o efeito positivo da libera\u00e7\u00e3o do FGTS, ele estimava avan\u00e7o de 0,5% da atividade, com vi\u00e9s negativo. Ou seja, o n\u00famero final poderia ser pior. Agora, acredita que, se houver mudan\u00e7as nas proje\u00e7\u00f5es, ser\u00e1 para melhor, certamente para um resultado mais pr\u00f3ximo de 1%.<\/p>\n<p>&nbsp;<\/p>\n<p>\u201cO governo vem seguindo o que dizem os livros de economia. Est\u00e1 criando a expectativa de consumo para estimular os empres\u00e1rios a retomarem os investimentos. O impacto da libera\u00e7\u00e3o das contas inativas do FGTS na atividade foi de 0,6 ponto percentual. O do PIS\/ Pasep deve ficar em 0,2 ponto\u201d, afirma Le\u00e3o. Para ele, o importante \u00e9 que, desta vez, os incentivos est\u00e3o sendo dados de forma moderada, sem populismo. \u201cAs condi\u00e7\u00f5es s\u00e3o mais favor\u00e1veis. Juros e infla\u00e7\u00e3o ca\u00edram muito, permitindo a melhora da renda\u201d, explica. N\u00e3o \u00e9 s\u00f3. As fam\u00edlias conseguiram reduzir bastante o n\u00edvel de endividamento, processo que ainda est\u00e1 em andamento entre as empresas, o que tamb\u00e9m segura a amplia\u00e7\u00e3o dos neg\u00f3cios.<\/p>\n<p>&nbsp;<\/p>\n<p>Le\u00e3o prev\u00ea que, como a economia ainda crescer\u00e1 abaixo de seu potencial, devido ao estrago provocado pela recess\u00e3o que durou dois anos e tirou quase 8% das riquezas produzidas pelo pa\u00eds, a infla\u00e7\u00e3o permanecer\u00e1 abaixo do centro da meta, de 4,5%, por um bom per\u00edodo e a taxa b\u00e1sica (Selic) ser\u00e1 mantida em n\u00edveis nunca antes vistos no Brasil. \u201cCaminhamos, estruturalmente, para juros mais baixos. Vamos assistir a uma revolu\u00e7\u00e3o monet\u00e1ria\u201d, acrescenta. Nesse contexto, o economista cr\u00ea que o incremento do PIB em 2018 poder\u00e1 ser superior aos 2,2% que ele estima atualmente.<\/p>\n<p>&nbsp;<\/p>\n<p>Mesmo com os bons resultados da economia ainda n\u00e3o aparecendo na avalia\u00e7\u00e3o de Temer, o governo acredita que os indicadores positivos t\u00eam sido fundamentais para manter a popula\u00e7\u00e3o longe das ruas. Num quadro de infla\u00e7\u00e3o descontrolada, juros nas alturas e desemprego em alta (a taxa vem baixando gradualmente), certamente o clima seria outro. Dilma Rousseff pagou caro justamente porque atingiu a parte mais sens\u00edvel do ser humano, o bolso.<\/p>\n<p>&nbsp;<\/p>\n<p><em>Bras\u00edlia, 06h20min<\/em><\/p>\n","protected":false},"excerpt":{"rendered":"<p>Enquanto os investimentos produtivos n\u00e3o v\u00eam, o governo tentar\u00e1 manter o f\u00f4lego da economia por meio do consumo das fam\u00edlias. N\u00e3o foi por acaso, portanto, que, ontem, o Pal\u00e1cio do Planalto anunciou, ao mesmo tempo, a libera\u00e7\u00e3o do PIS e do Pasep para idosos e a redu\u00e7\u00e3o das taxas de juros do cr\u00e9dito consignado para [&hellip;]<\/p>\n","protected":false},"author":22,"featured_media":0,"comment_status":"open","ping_status":"closed","sticky":false,"template":"","format":"standard","meta":{"footnotes":""},"categories":[600],"tags":[589,14,4,111,2782,2625,2474,2781,2780],"class_list":["post-6236","post","type-post","status-publish","format-standard","hentry","category-economia","tag-economia","tag-inflacao","tag-juros","tag-michel-temer","tag-parallaxis","tag-pasep","tag-pis","tag-rafael-leao","tag-reacao"],"_links":{"self":[{"href":"https:\/\/blogs.correiobraziliense.com.br\/vicente\/wp-json\/wp\/v2\/posts\/6236","targetHints":{"allow":["GET"]}}],"collection":[{"href":"https:\/\/blogs.correiobraziliense.com.br\/vicente\/wp-json\/wp\/v2\/posts"}],"about":[{"href":"https:\/\/blogs.correiobraziliense.com.br\/vicente\/wp-json\/wp\/v2\/types\/post"}],"author":[{"embeddable":true,"href":"https:\/\/blogs.correiobraziliense.com.br\/vicente\/wp-json\/wp\/v2\/users\/22"}],"replies":[{"embeddable":true,"href":"https:\/\/blogs.correiobraziliense.com.br\/vicente\/wp-json\/wp\/v2\/comments?post=6236"}],"version-history":[{"count":1,"href":"https:\/\/blogs.correiobraziliense.com.br\/vicente\/wp-json\/wp\/v2\/posts\/6236\/revisions"}],"predecessor-version":[{"id":6237,"href":"https:\/\/blogs.correiobraziliense.com.br\/vicente\/wp-json\/wp\/v2\/posts\/6236\/revisions\/6237"}],"wp:attachment":[{"href":"https:\/\/blogs.correiobraziliense.com.br\/vicente\/wp-json\/wp\/v2\/media?parent=6236"}],"wp:term":[{"taxonomy":"category","embeddable":true,"href":"https:\/\/blogs.correiobraziliense.com.br\/vicente\/wp-json\/wp\/v2\/categories?post=6236"},{"taxonomy":"post_tag","embeddable":true,"href":"https:\/\/blogs.correiobraziliense.com.br\/vicente\/wp-json\/wp\/v2\/tags?post=6236"}],"curies":[{"name":"wp","href":"https:\/\/api.w.org\/{rel}","templated":true}]}}