{"id":6234,"date":"2017-09-28T14:59:36","date_gmt":"2017-09-28T17:59:36","guid":{"rendered":"https:\/\/blogs.correiobraziliense.com.br\/vicente\/?p=6234"},"modified":"2017-09-28T16:11:27","modified_gmt":"2017-09-28T19:11:27","slug":"cerimonial-caro-e-ineficiente","status":"publish","type":"post","link":"https:\/\/blogs.correiobraziliense.com.br\/vicente\/cerimonial-caro-e-ineficiente\/","title":{"rendered":"Cerimonial caro e ineficiente"},"content":{"rendered":"<h2>V\u00e1rios integrantes do primeiro escal\u00e3o do Pal\u00e1cio do Planalto ainda est\u00e3o tentando entender o que foi fazer, h\u00e1 duas semanas, em Nova York, a numerosa equipe do cerimonial da Presid\u00eancia da Rep\u00fablica, chefiada pelo embaixador Pompeu Andreucci Neto, \u00a0com nada menos do que sete integrantes.<\/h2>\n<p>&nbsp;<\/p>\n<p>O presidente Michel Temer ficou hospedado no luxuoso hotel Four Seasons, no qual tamb\u00e9m estava o presidente do Paquist\u00e3o, Mamnoon Hussain, pa\u00eds que possui armas nucleares. Por isso, a seguran\u00e7a estava super refor\u00e7ada no hotel. Tirando Temer, os integrantes da comitiva foram barrados pela seguran\u00e7a, inclusive o ministro Moreira Franco.<\/p>\n<p>&nbsp;<\/p>\n<p>O incr\u00edvel \u00e9 que nenhum membro do cerimonial do embaixador Pompeu estava presente para evitar constrangimentos.<\/p>\n<p>&nbsp;<\/p>\n<p><em>Bras\u00edlia, 14h59min<\/em><\/p>\n","protected":false},"excerpt":{"rendered":"<p>V\u00e1rios integrantes do primeiro escal\u00e3o do Pal\u00e1cio do Planalto ainda est\u00e3o tentando entender o que foi fazer, h\u00e1 duas semanas, em Nova York, a numerosa equipe do cerimonial da Presid\u00eancia da Rep\u00fablica, chefiada pelo embaixador Pompeu Andreucci Neto, \u00a0com nada menos do que sete integrantes. &nbsp; O presidente Michel Temer ficou hospedado no luxuoso hotel [&hellip;]<\/p>\n","protected":false},"author":22,"featured_media":0,"comment_status":"open","ping_status":"closed","sticky":false,"template":"","format":"standard","meta":{"footnotes":""},"categories":[600],"tags":[],"class_list":["post-6234","post","type-post","status-publish","format-standard","hentry","category-economia"],"_links":{"self":[{"href":"https:\/\/blogs.correiobraziliense.com.br\/vicente\/wp-json\/wp\/v2\/posts\/6234","targetHints":{"allow":["GET"]}}],"collection":[{"href":"https:\/\/blogs.correiobraziliense.com.br\/vicente\/wp-json\/wp\/v2\/posts"}],"about":[{"href":"https:\/\/blogs.correiobraziliense.com.br\/vicente\/wp-json\/wp\/v2\/types\/post"}],"author":[{"embeddable":true,"href":"https:\/\/blogs.correiobraziliense.com.br\/vicente\/wp-json\/wp\/v2\/users\/22"}],"replies":[{"embeddable":true,"href":"https:\/\/blogs.correiobraziliense.com.br\/vicente\/wp-json\/wp\/v2\/comments?post=6234"}],"version-history":[{"count":1,"href":"https:\/\/blogs.correiobraziliense.com.br\/vicente\/wp-json\/wp\/v2\/posts\/6234\/revisions"}],"predecessor-version":[{"id":6235,"href":"https:\/\/blogs.correiobraziliense.com.br\/vicente\/wp-json\/wp\/v2\/posts\/6234\/revisions\/6235"}],"wp:attachment":[{"href":"https:\/\/blogs.correiobraziliense.com.br\/vicente\/wp-json\/wp\/v2\/media?parent=6234"}],"wp:term":[{"taxonomy":"category","embeddable":true,"href":"https:\/\/blogs.correiobraziliense.com.br\/vicente\/wp-json\/wp\/v2\/categories?post=6234"},{"taxonomy":"post_tag","embeddable":true,"href":"https:\/\/blogs.correiobraziliense.com.br\/vicente\/wp-json\/wp\/v2\/tags?post=6234"}],"curies":[{"name":"wp","href":"https:\/\/api.w.org\/{rel}","templated":true}]}}