{"id":6232,"date":"2017-09-28T13:46:46","date_gmt":"2017-09-28T16:46:46","guid":{"rendered":"https:\/\/blogs.correiobraziliense.com.br\/vicente\/?p=6232"},"modified":"2017-09-28T15:55:48","modified_gmt":"2017-09-28T18:55:48","slug":"detran-falta-transparencia-sobram-muitas","status":"publish","type":"post","link":"https:\/\/blogs.correiobraziliense.com.br\/vicente\/detran-falta-transparencia-sobram-muitas\/","title":{"rendered":"Detran: falta transpar\u00eancia, sobram multas"},"content":{"rendered":"<p>SEVERINO GOES*<\/p>\n<p>&nbsp;<\/p>\n<p>O Departamento de Tr\u00e2nsito n\u00e3o nega sua origem, a de costela de \u00f3rg\u00e3o policial. Claro que deve ter fun\u00e7\u00f5es de preservar a obedi\u00eancia \u00e0s leis do tr\u00e2nsito, mas esquece de sua fun\u00e7\u00e3o educativa para que todos tenhamos um tr\u00e2nsito melhor.<\/p>\n<p>&nbsp;<\/p>\n<p>Recentemente, desembarquei de um voo na Base A\u00e9rea, \u00e0 tarde, e me dirigi ao meu local de trabalho no meu pr\u00f3prio carro. Ao entrar na via N2, pr\u00f3ximo ao Pal\u00e1cio do Planalto, fui parado por um guarda de tr\u00e2nsito, que pilotava uma moto e estava acompanhado de outros dois. Todos ocupados em parar carros, vistoriar documentos e porta-malas. At\u00e9 a\u00ed, tudo bem.<\/p>\n<p>&nbsp;<\/p>\n<p>No meu caso, fui advertido que minha placa estaria com letras e n\u00fameros apagados. Perguntei o que fazer. Resposta do diligente guarda: \u201cSeu carro est\u00e1 apreendido. Leve ao dep\u00f3sito do Detran e, depois de pagar as taxas, pode retirar o mesmo\u201d. Assim, nessa linguagem t\u00edpica de quart\u00e9is. O que \u00e9 o mesmo?<\/p>\n<p>&nbsp;<\/p>\n<p>O mesmo \u00e9 que o Detran ou \u00f3rg\u00e3os que devem controlar o tr\u00e2nsito instruem seus agentes a serem intolerantes, fruto da mentalidade policial que domina a corpora\u00e7\u00e3o. O cidad\u00e3o est\u00e1 errado, pau nele. No meu caso, n\u00e3o considero um erro andar com a placa do carro com a tinta falha em alguns n\u00fameros e letras.<\/p>\n<p>&nbsp;<\/p>\n<p>Em que isso coloca em risco os demais motoristas ou pedestres? Mas, n\u00e3o. Recolha-se o carro, paguem-se as taxas e depois vemos o que fazer. Tentei argumentar que precisava trabalhar e que recolher o carro era um atitude totalmente desnecess\u00e1ria.<\/p>\n<p>&nbsp;<\/p>\n<p>A expedi\u00e7\u00e3o punitiva n\u00e3o parou a\u00ed. O guarda que me reteve exigiu que eu levasse meu carro ao dep\u00f3sito do Detran. Me recusei, dizendo que, se o Detran acha que eu cometi uma infra\u00e7\u00e3o grave, que o fizesse. Deixei a chave e o carro porque precisava trabalhar.<\/p>\n<p>&nbsp;<\/p>\n<p>No dia seguinte, fui ao dep\u00f3sito do Detran, localizado perto do que um dia foi o Aut\u00f3dromo de Bras\u00edlia. L\u00e1, os cidad\u00e3os s\u00e3o informados de que n\u00e3o existe atendimento priorit\u00e1rio, mesmo tendo eu mais de 60 anos. E mais: existe um simulacro de posto de atendimento de um banco estatal, mas que n\u00e3o funciona! Ou seja, para liberar meu carro tive que sair das depend\u00eancias do tal dep\u00f3sito, entrar numa fila de banco, pagar as taxas e voltar. Resultado: perdi a manh\u00e3 toda nisso.<\/p>\n<p>&nbsp;<\/p>\n<p>Pago meus impostos em dia, n\u00e3o tenho qualquer d\u00edvida com o Detran e, como cidad\u00e3o, exijo que o \u00f3rg\u00e3o que controla (?) o tr\u00e2nsito seja mais transparente: para onde vai o dinheiro das escorchantes multas que aplica em pardais, em blitzes, etc.? Vejam o estado das pistas do DF, p\u00e9ssimas; vejam as placas de sinaliza\u00e7\u00e3o, danificadas; vejam as faixas de pedestres, apagadas.<\/p>\n<p>&nbsp;<\/p>\n<p>Est\u00e1 nora de o Detran deixar seu lado policial de lado e prestar contas \u00e0 sociedade sobre o dinheiro que arrecada.<\/p>\n<p>&nbsp;<\/p>\n<p><em>\u00a0* Jornalista, cidad\u00e3o que paga seus impostos em dia, inclusive as multas do Detran.<\/em><\/p>\n<p>&nbsp;<\/p>\n<p><em>Bras\u00edlia, 13h46min<\/em><\/p>\n","protected":false},"excerpt":{"rendered":"<p>SEVERINO GOES* &nbsp; O Departamento de Tr\u00e2nsito n\u00e3o nega sua origem, a de costela de \u00f3rg\u00e3o policial. Claro que deve ter fun\u00e7\u00f5es de preservar a obedi\u00eancia \u00e0s leis do tr\u00e2nsito, mas esquece de sua fun\u00e7\u00e3o educativa para que todos tenhamos um tr\u00e2nsito melhor. &nbsp; Recentemente, desembarquei de um voo na Base A\u00e9rea, \u00e0 tarde, e [&hellip;]<\/p>\n","protected":false},"author":22,"featured_media":0,"comment_status":"open","ping_status":"closed","sticky":false,"template":"","format":"standard","meta":{"footnotes":""},"categories":[600],"tags":[2679,2779,833,2498],"class_list":["post-6232","post","type-post","status-publish","format-standard","hentry","category-economia","tag-detran","tag-falta-de-transparencia","tag-multas","tag-policia"],"_links":{"self":[{"href":"https:\/\/blogs.correiobraziliense.com.br\/vicente\/wp-json\/wp\/v2\/posts\/6232","targetHints":{"allow":["GET"]}}],"collection":[{"href":"https:\/\/blogs.correiobraziliense.com.br\/vicente\/wp-json\/wp\/v2\/posts"}],"about":[{"href":"https:\/\/blogs.correiobraziliense.com.br\/vicente\/wp-json\/wp\/v2\/types\/post"}],"author":[{"embeddable":true,"href":"https:\/\/blogs.correiobraziliense.com.br\/vicente\/wp-json\/wp\/v2\/users\/22"}],"replies":[{"embeddable":true,"href":"https:\/\/blogs.correiobraziliense.com.br\/vicente\/wp-json\/wp\/v2\/comments?post=6232"}],"version-history":[{"count":1,"href":"https:\/\/blogs.correiobraziliense.com.br\/vicente\/wp-json\/wp\/v2\/posts\/6232\/revisions"}],"predecessor-version":[{"id":6233,"href":"https:\/\/blogs.correiobraziliense.com.br\/vicente\/wp-json\/wp\/v2\/posts\/6232\/revisions\/6233"}],"wp:attachment":[{"href":"https:\/\/blogs.correiobraziliense.com.br\/vicente\/wp-json\/wp\/v2\/media?parent=6232"}],"wp:term":[{"taxonomy":"category","embeddable":true,"href":"https:\/\/blogs.correiobraziliense.com.br\/vicente\/wp-json\/wp\/v2\/categories?post=6232"},{"taxonomy":"post_tag","embeddable":true,"href":"https:\/\/blogs.correiobraziliense.com.br\/vicente\/wp-json\/wp\/v2\/tags?post=6232"}],"curies":[{"name":"wp","href":"https:\/\/api.w.org\/{rel}","templated":true}]}}