{"id":6224,"date":"2017-09-27T18:01:00","date_gmt":"2017-09-27T21:01:00","guid":{"rendered":"https:\/\/blogs.correiobraziliense.com.br\/vicente\/?p=6224"},"modified":"2017-09-27T19:04:47","modified_gmt":"2017-09-27T22:04:47","slug":"governo-diz-que-dia-foi-de-vitoria-mesmo-com-temer-na-berlinda","status":"publish","type":"post","link":"https:\/\/blogs.correiobraziliense.com.br\/vicente\/governo-diz-que-dia-foi-de-vitoria-mesmo-com-temer-na-berlinda\/","title":{"rendered":"Governo diz que &#8220;dia foi de vit\u00f3ria&#8221;, mesmo com Temer na berlinda"},"content":{"rendered":"<h2>A despeito da preocupa\u00e7\u00e3o do Pal\u00e1cio do Planalto com o andamento da den\u00fancia contra o presidente Michel Temer na C\u00e2mara dos Deputados, sobretudo diante da possibilidade real de o apoio do PSDB se esvair por causa do afastamento do senador A\u00e9cio Neves pelo Supremo Tribunal Federal (STF), a sensa\u00e7\u00e3o no governo foi de um &#8220;dia de vit\u00f3ria&#8221;.<\/h2>\n<p>&nbsp;<\/p>\n<p>Para auxiliares de Temer, o sucesso dos leil\u00f5es nas \u00e1reas de energia el\u00e9trica e de petr\u00f3leo, com os quais o Tesouro Nacional arrecadou R$ 16 bilh\u00f5es, s\u00e3o um claro sinal de que os investidores, em especial os estrangeiros, est\u00e3o confiantes na retomada do crescimento econ\u00f4mico.<\/p>\n<p>&nbsp;<\/p>\n<p>&#8220;Os investidores decidiram priorizar as oportunidades de neg\u00f3cio no pa\u00eds, mesmo com toda a indefini\u00e7\u00e3o pol\u00edtica&#8221;, afirma um assessor palaciano. Ele ressalta que os donos do dinheiro sabem que o atual governo est\u00e1 fechado com as leis de mercado, que protegem a iniciativa privada.<\/p>\n<p>&nbsp;<\/p>\n<p>Na avalia\u00e7\u00e3o do Planalto, os leil\u00f5es deram maior seguran\u00e7a \u00e0 equipe econ\u00f4mica para o cumprimento da meta fiscal, de deficit m\u00e1ximo de R$ 159 bilh\u00f5es. N\u00e3o fosse esse dinheiro extra, certamente haveria uma dificuldade maior para fechar as contas. A previs\u00e3o de rombo fiscal para este ano aumentou em R$ 20 bilh\u00f5es.<\/p>\n<p>&nbsp;<\/p>\n<p><strong>M\u00e3o amiga<\/strong><\/p>\n<p>&nbsp;<\/p>\n<p>Mais do que ajudar a cumprir a meta fiscal, os R$ 16 bilh\u00f5es arrecadados com os leil\u00f5es de energia (R$ 12,1 bilh\u00f5es) e de petr\u00f3leo (R$ 3,8 bilh\u00f5es) d\u00e3o maior tranquilidade ao governo para ampliar os gastos deste ano em at\u00e9 R$ 12,8 bilh\u00f5es. Esses recursos v\u00e3o evitar a paralisia da m\u00e1quina p\u00fablica e, claro, facilitar o balc\u00e3o de neg\u00f3cios com deputados da base aliado no sentido de preservar o mandato de Temer.<\/p>\n<p>&nbsp;<\/p>\n<p>A aposta do governo \u00e9 de que, com o sucesso dos leil\u00f5es, investidores que est\u00e3o reticentes em incrementar os neg\u00f3cios no pa\u00eds se sintam mais confort\u00e1veis para desengavetar projetos. Nesse clima de um pouco mais de otimismo, a economia entraria 2018 em um ritmo mais veloz de crescimento do que se imagina.<\/p>\n<p>&nbsp;<\/p>\n<p>&#8220;Tudo o que estamos fazendo mostra que esse governo est\u00e1 fechado com o capital privado, o verdadeiro respons\u00e1vel pelo crescimento econ\u00f4mico. Queremos que a pol\u00edtica saia do radar dos investidores e o crescimento volte com for\u00e7a&#8221;, destaca um outro auxiliar de Temer.<\/p>\n<p>&nbsp;<\/p>\n<p><em>\u00a0Bras\u00edlia, 18h01min<\/em><\/p>\n","protected":false},"excerpt":{"rendered":"<p>A despeito da preocupa\u00e7\u00e3o do Pal\u00e1cio do Planalto com o andamento da den\u00fancia contra o presidente Michel Temer na C\u00e2mara dos Deputados, sobretudo diante da possibilidade real de o apoio do PSDB se esvair por causa do afastamento do senador A\u00e9cio Neves pelo Supremo Tribunal Federal (STF), a sensa\u00e7\u00e3o no governo foi de um &#8220;dia [&hellip;]<\/p>\n","protected":false},"author":22,"featured_media":0,"comment_status":"open","ping_status":"closed","sticky":false,"template":"","format":"standard","meta":{"footnotes":""},"categories":[600],"tags":[2021,542,2771,2770,111],"class_list":["post-6224","post","type-post","status-publish","format-standard","hentry","category-economia","tag-aecio-neves","tag-contas-publicas","tag-energia-eletrica","tag-leiloes","tag-michel-temer"],"_links":{"self":[{"href":"https:\/\/blogs.correiobraziliense.com.br\/vicente\/wp-json\/wp\/v2\/posts\/6224","targetHints":{"allow":["GET"]}}],"collection":[{"href":"https:\/\/blogs.correiobraziliense.com.br\/vicente\/wp-json\/wp\/v2\/posts"}],"about":[{"href":"https:\/\/blogs.correiobraziliense.com.br\/vicente\/wp-json\/wp\/v2\/types\/post"}],"author":[{"embeddable":true,"href":"https:\/\/blogs.correiobraziliense.com.br\/vicente\/wp-json\/wp\/v2\/users\/22"}],"replies":[{"embeddable":true,"href":"https:\/\/blogs.correiobraziliense.com.br\/vicente\/wp-json\/wp\/v2\/comments?post=6224"}],"version-history":[{"count":1,"href":"https:\/\/blogs.correiobraziliense.com.br\/vicente\/wp-json\/wp\/v2\/posts\/6224\/revisions"}],"predecessor-version":[{"id":6225,"href":"https:\/\/blogs.correiobraziliense.com.br\/vicente\/wp-json\/wp\/v2\/posts\/6224\/revisions\/6225"}],"wp:attachment":[{"href":"https:\/\/blogs.correiobraziliense.com.br\/vicente\/wp-json\/wp\/v2\/media?parent=6224"}],"wp:term":[{"taxonomy":"category","embeddable":true,"href":"https:\/\/blogs.correiobraziliense.com.br\/vicente\/wp-json\/wp\/v2\/categories?post=6224"},{"taxonomy":"post_tag","embeddable":true,"href":"https:\/\/blogs.correiobraziliense.com.br\/vicente\/wp-json\/wp\/v2\/tags?post=6224"}],"curies":[{"name":"wp","href":"https:\/\/api.w.org\/{rel}","templated":true}]}}