{"id":6222,"date":"2017-09-27T15:30:23","date_gmt":"2017-09-27T18:30:23","guid":{"rendered":"https:\/\/blogs.correiobraziliense.com.br\/vicente\/?p=6222"},"modified":"2017-09-27T18:34:51","modified_gmt":"2017-09-27T21:34:51","slug":"funcionarios-da-caixa-cobram-funcef-sobre-venda-de-acoes-da-eldorado","status":"publish","type":"post","link":"https:\/\/blogs.correiobraziliense.com.br\/vicente\/funcionarios-da-caixa-cobram-funcef-sobre-venda-de-acoes-da-eldorado\/","title":{"rendered":"Funcion\u00e1rios da Caixa cobram Funcef sobre venda de a\u00e7\u00f5es da Eldorado"},"content":{"rendered":"<h2>\u00c9 grande a expectativa de funcion\u00e1rios da Caixa Econ\u00f4mica Federal em rela\u00e7\u00e3o \u00e0 venda da participa\u00e7\u00e3o acion\u00e1ria que a Funcef, o fundo de pens\u00e3o dos economi\u00e1rios, det\u00e9m na Eldorado Celulose, cujo controle pertencia ao grupo JBS, dos irm\u00e3os Joesley e Wesley Batista.<\/h2>\n<p>&nbsp;<\/p>\n<p>Desde o in\u00edcio, a uni\u00e3o da Funcef com a fam\u00edlia Batista esteve sob suspeita. H\u00e1 den\u00fancias de que a parceria foi constru\u00edda \u00e0 base de corrup\u00e7\u00e3o. V\u00e1rios ex-dirigentes do fundo de pens\u00e3o est\u00e3o sob investiga\u00e7\u00e3o da Pol\u00edcia Federal e do Minist\u00e9rio P\u00fablico.<\/p>\n<p>&nbsp;<\/p>\n<p>A decis\u00e3o sobre a venda da participa\u00e7\u00e3o da Funcef na Eldorado, de 8,53%, ser\u00e1 tomada nesta sexta-feira, 29 de setembro, pelo Conselho Deliberativo da funda\u00e7\u00e3o. Espera-se que a Funcef de transpar\u00eancia ao neg\u00f3cio.<\/p>\n<p>&nbsp;<\/p>\n<p>Os desmandos na funda\u00e7\u00e3o foram tamanho, que os funcion\u00e1rios da Caixa est\u00e3o sendo obrigados a fazerem aportes extras para cobrir um rombo bilion\u00e1rio e, assim, garantirem o complemento de suas aposentadorias. Um passo em falso da atual dire\u00e7\u00e3o da Funcef poder\u00e1 aumentar o deficit.<\/p>\n<p>&nbsp;<\/p>\n<p>Os empregados da Caixa reclamam que est\u00e3o totalmente no escuro, pois, desde que come\u00e7ou a negocia\u00e7\u00e3o para a venda da parcela do fam\u00edlia Batista na Eldorado ao grupo holand\u00eas Paper Excellence, nenhuma informa\u00e7\u00e3o oficial foi repassada pela diretoria da Funcef. Transpar\u00eancia \u00e9 fundamental.<\/p>\n<p>&nbsp;<\/p>\n<p><em>\u00a0Bras\u00edlia, 15h30min<\/em><\/p>\n","protected":false},"excerpt":{"rendered":"<p>\u00c9 grande a expectativa de funcion\u00e1rios da Caixa Econ\u00f4mica Federal em rela\u00e7\u00e3o \u00e0 venda da participa\u00e7\u00e3o acion\u00e1ria que a Funcef, o fundo de pens\u00e3o dos economi\u00e1rios, det\u00e9m na Eldorado Celulose, cujo controle pertencia ao grupo JBS, dos irm\u00e3os Joesley e Wesley Batista. &nbsp; Desde o in\u00edcio, a uni\u00e3o da Funcef com a fam\u00edlia Batista esteve [&hellip;]<\/p>\n","protected":false},"author":22,"featured_media":0,"comment_status":"open","ping_status":"closed","sticky":false,"template":"","format":"standard","meta":{"footnotes":""},"categories":[600],"tags":[110,2767,1814,109,2766,509,2769,2768],"class_list":["post-6222","post","type-post","status-publish","format-standard","hentry","category-economia","tag-caixa","tag-celulose","tag-eldorado","tag-funcef","tag-fundo-de-pensao","tag-jbs","tag-paper-excellence","tag-venda"],"_links":{"self":[{"href":"https:\/\/blogs.correiobraziliense.com.br\/vicente\/wp-json\/wp\/v2\/posts\/6222","targetHints":{"allow":["GET"]}}],"collection":[{"href":"https:\/\/blogs.correiobraziliense.com.br\/vicente\/wp-json\/wp\/v2\/posts"}],"about":[{"href":"https:\/\/blogs.correiobraziliense.com.br\/vicente\/wp-json\/wp\/v2\/types\/post"}],"author":[{"embeddable":true,"href":"https:\/\/blogs.correiobraziliense.com.br\/vicente\/wp-json\/wp\/v2\/users\/22"}],"replies":[{"embeddable":true,"href":"https:\/\/blogs.correiobraziliense.com.br\/vicente\/wp-json\/wp\/v2\/comments?post=6222"}],"version-history":[{"count":1,"href":"https:\/\/blogs.correiobraziliense.com.br\/vicente\/wp-json\/wp\/v2\/posts\/6222\/revisions"}],"predecessor-version":[{"id":6223,"href":"https:\/\/blogs.correiobraziliense.com.br\/vicente\/wp-json\/wp\/v2\/posts\/6222\/revisions\/6223"}],"wp:attachment":[{"href":"https:\/\/blogs.correiobraziliense.com.br\/vicente\/wp-json\/wp\/v2\/media?parent=6222"}],"wp:term":[{"taxonomy":"category","embeddable":true,"href":"https:\/\/blogs.correiobraziliense.com.br\/vicente\/wp-json\/wp\/v2\/categories?post=6222"},{"taxonomy":"post_tag","embeddable":true,"href":"https:\/\/blogs.correiobraziliense.com.br\/vicente\/wp-json\/wp\/v2\/tags?post=6222"}],"curies":[{"name":"wp","href":"https:\/\/api.w.org\/{rel}","templated":true}]}}