{"id":6216,"date":"2017-09-27T13:22:46","date_gmt":"2017-09-27T16:22:46","guid":{"rendered":"https:\/\/blogs.correiobraziliense.com.br\/vicente\/?p=6216"},"modified":"2018-03-24T00:02:52","modified_gmt":"2018-03-24T03:02:52","slug":"bndes-aprova-devolucao-de-r-33-bi-ao-tesouro","status":"publish","type":"post","link":"https:\/\/blogs.correiobraziliense.com.br\/vicente\/bndes-aprova-devolucao-de-r-33-bi-ao-tesouro\/","title":{"rendered":"BNDES aprova devolu\u00e7\u00e3o de R$ 33 bi ao Tesouro"},"content":{"rendered":"<h2>Em reuni\u00e3o extraordin\u00e1ria, o Banco Nacional de Desenvolvimento Econ\u00f4mico e Social (BNDES) aprovou a devolu\u00e7\u00e3o de R$ 33 bilh\u00f5es ao Tesouro Nacional. O montante ser\u00e1 devolvido at\u00e9 a pr\u00f3xima sexta, 29, mas a expectativa \u00e9 de que o pagamento seja efetuado ainda hoje, 27.<\/h2>\n<h2><\/h2>\n<p>O restante da devolu\u00e7\u00e3o ser\u00e1 avaliado em nova reuni\u00e3o do conselho do banco. A decis\u00e3o foi tomada no encontro da \u00faltima ter\u00e7a, 26, a noite. O Tesouro quer, no total, R$ 180 bilh\u00f5es.<\/p>\n","protected":false},"excerpt":{"rendered":"<p>Em reuni\u00e3o extraordin\u00e1ria, o Banco Nacional de Desenvolvimento Econ\u00f4mico e Social (BNDES) aprovou a devolu\u00e7\u00e3o de R$ 33 bilh\u00f5es ao Tesouro Nacional. O montante ser\u00e1 devolvido at\u00e9 a pr\u00f3xima sexta, 29, mas a expectativa \u00e9 de que o pagamento seja efetuado ainda hoje, 27. O restante da devolu\u00e7\u00e3o ser\u00e1 avaliado em nova reuni\u00e3o do conselho [&hellip;]<\/p>\n","protected":false},"author":22,"featured_media":0,"comment_status":"open","ping_status":"closed","sticky":false,"template":"","format":"standard","meta":{"footnotes":""},"categories":[600],"tags":[89,797,1637],"class_list":["post-6216","post","type-post","status-publish","format-standard","hentry","category-economia","tag-bndes","tag-devolucao","tag-tesouro"],"_links":{"self":[{"href":"https:\/\/blogs.correiobraziliense.com.br\/vicente\/wp-json\/wp\/v2\/posts\/6216","targetHints":{"allow":["GET"]}}],"collection":[{"href":"https:\/\/blogs.correiobraziliense.com.br\/vicente\/wp-json\/wp\/v2\/posts"}],"about":[{"href":"https:\/\/blogs.correiobraziliense.com.br\/vicente\/wp-json\/wp\/v2\/types\/post"}],"author":[{"embeddable":true,"href":"https:\/\/blogs.correiobraziliense.com.br\/vicente\/wp-json\/wp\/v2\/users\/22"}],"replies":[{"embeddable":true,"href":"https:\/\/blogs.correiobraziliense.com.br\/vicente\/wp-json\/wp\/v2\/comments?post=6216"}],"version-history":[{"count":5,"href":"https:\/\/blogs.correiobraziliense.com.br\/vicente\/wp-json\/wp\/v2\/posts\/6216\/revisions"}],"predecessor-version":[{"id":7505,"href":"https:\/\/blogs.correiobraziliense.com.br\/vicente\/wp-json\/wp\/v2\/posts\/6216\/revisions\/7505"}],"wp:attachment":[{"href":"https:\/\/blogs.correiobraziliense.com.br\/vicente\/wp-json\/wp\/v2\/media?parent=6216"}],"wp:term":[{"taxonomy":"category","embeddable":true,"href":"https:\/\/blogs.correiobraziliense.com.br\/vicente\/wp-json\/wp\/v2\/categories?post=6216"},{"taxonomy":"post_tag","embeddable":true,"href":"https:\/\/blogs.correiobraziliense.com.br\/vicente\/wp-json\/wp\/v2\/tags?post=6216"}],"curies":[{"name":"wp","href":"https:\/\/api.w.org\/{rel}","templated":true}]}}