{"id":6208,"date":"2017-09-26T15:28:36","date_gmt":"2017-09-26T18:28:36","guid":{"rendered":"https:\/\/blogs.correiobraziliense.com.br\/vicente\/?p=6208"},"modified":"2017-09-26T20:28:31","modified_gmt":"2017-09-26T23:28:31","slug":"everardo-maciel-se-governo-do-df-nao-aprovar-mudanca-na-previdencia-dara-calote","status":"publish","type":"post","link":"https:\/\/blogs.correiobraziliense.com.br\/vicente\/everardo-maciel-se-governo-do-df-nao-aprovar-mudanca-na-previdencia-dara-calote\/","title":{"rendered":"Everardo Maciel: se governo do DF n\u00e3o aprovar mudan\u00e7a na Previd\u00eancia, dar\u00e1 calote"},"content":{"rendered":"<h2>A situa\u00e7\u00e3o do caixa do governo do Distrito Federal \u00e9 dram\u00e1tica. Na avalia\u00e7\u00e3o de Everardo Maciel, ex-secret\u00e1rio de Fazenda do DF e ex-secret\u00e1rio da Receita Federal, se a C\u00e2mara Distrital n\u00e3o aprovar mudan\u00e7as no sistema de Previd\u00eancia local, chegar\u00e1 um momento em que o Governo do DF dar\u00e1 calote em aposentados e pensionistas. &#8220;Isso j\u00e1 aconteceu no Rio de Janeiro. E a situa\u00e7\u00e3o pode se repetir em v\u00e1rias unidades da Federal, inclusive no DF&#8221;, diz, em entrevista ao programa <strong>CB.Poder<\/strong>, uma parceria do <strong>Correio Braziliense<\/strong> com a Tev\u00ea Bras\u00edlia.<\/h2>\n<p>&nbsp;<\/p>\n<p>Para Maciel, a m\u00e1quina do governo distrital cresceu demais e hoje n\u00e3o cabe mais no Or\u00e7amento. Ele conta que ajudou na cria\u00e7\u00e3o do Fundo Constitucional do DF, institu\u00eddo em 2002, por meio do qual a Uni\u00e3o passou a bancar despesas com sa\u00fade, educa\u00e7\u00e3o e seguran\u00e7a. Hoje, no entanto, h\u00e1 desvios de recursos para outras finalidades, resultado do incha\u00e7o do governo local e de aumentos exagerados de sal\u00e1rios. &#8220;A situa\u00e7\u00e3o do DF, em termos administrativos, est\u00e1 um horror. A cidade est\u00e1 um lixo&#8221;, afirma. &#8220;E mais: a m\u00e1quina do Distrito Federal cara e ineficiente.&#8221;<\/p>\n<p>&nbsp;<\/p>\n<p><a href=\"https:\/\/www.youtube.com\/watch?v=XwsQUe8zgtM\">https:\/\/www.youtube.com\/watch?v=XwsQUe8zgtM<\/a><\/p>\n<p>&nbsp;<\/p>\n<p>Na vis\u00e3o do ex-secret\u00e1rio, um dos mais renomados tributaristas do pa\u00eds, a mudan\u00e7a no sistema de previd\u00eancia do DF ser\u00e1 apenas o in\u00edcio de uma reforma mais profunda. Ele ressalta que nem mesmo a economia de R$ 170 milh\u00f5es por m\u00eas prevista pelo governador Rodrigo Rollemberg ser\u00e1 suficiente para p\u00f4r as contas em dia, pois o desequil\u00edbrio fiscal \u00e9 enorme.<\/p>\n<p>&nbsp;<\/p>\n<p>Maciel destaca, ainda, que a a reforma da Previd\u00eancia n\u00e3o \u00e9 uma quest\u00e3o local ou nacional. &#8220;\u00c9 mundial&#8221;, frisa. Diante da mudan\u00e7a na demografia, com o r\u00e1pido envelhecimento da popula\u00e7\u00e3o, todos os pa\u00edses est\u00e3o sendo obrigados a promoverem ajustes em seus regimes de aposentadoria. Para ele, quanto mais o Brasil demorar para promover altera\u00e7\u00f5es no sistema, mais pesada ser\u00e1 a conta paga pela sociedade.<\/p>\n<p>&nbsp;<\/p>\n<p><a href=\"https:\/\/www.youtube.com\/watch?v=xbtP3pM6uBM\">https:\/\/www.youtube.com\/watch?v=xbtP3pM6uBM<\/a><\/p>\n<p>&nbsp;<\/p>\n<p>A rea\u00e7\u00e3o contr\u00e1ria \u00e0s mudan\u00e7as, segundo o ex-secret\u00e1rio, \u00e9 natural. Mas, no Brasil, a gritaria \u00e9 liderada pelas corpora\u00e7\u00f5es, por grupos de privilegiados, uma vez que a grande maioria dos trabalhadores j\u00e1 se aposenta por idade e recebendo sal\u00e1rio m\u00ednimo. Esses grupos de privilegiados acabam manipulando as massas.<\/p>\n<p>&nbsp;<\/p>\n<p>No entender de Maciel, a tramita\u00e7\u00e3o do projeto de reforma da Previd\u00eancia foi atropelada pela onda de denuncismo que tomou conta do pa\u00eds. At\u00e9 17 de maio, quando as dela\u00e7\u00f5es dos irm\u00e3os Joesley e Wesley Batista, do grupo JBS, se tornaram p\u00fablicas e envolveram o presidente Michel Temer, o Pal\u00e1cio do Planalto tinha votos suficientes para aprovar a proposta. Desde ent\u00e3o, n\u00e3o conseguiu reconstruir o apoio ao projeto e a tend\u00eancia \u00e9 de a reforma ficar para o pr\u00f3ximo governo.<\/p>\n<p>&nbsp;<\/p>\n<p><em>Bras\u00edlia, 15h28min<\/em><\/p>\n","protected":false},"excerpt":{"rendered":"<p>A situa\u00e7\u00e3o do caixa do governo do Distrito Federal \u00e9 dram\u00e1tica. Na avalia\u00e7\u00e3o de Everardo Maciel, ex-secret\u00e1rio de Fazenda do DF e ex-secret\u00e1rio da Receita Federal, se a C\u00e2mara Distrital n\u00e3o aprovar mudan\u00e7as no sistema de Previd\u00eancia local, chegar\u00e1 um momento em que o Governo do DF dar\u00e1 calote em aposentados e pensionistas. &#8220;Isso j\u00e1 [&hellip;]<\/p>\n","protected":false},"author":22,"featured_media":0,"comment_status":"open","ping_status":"closed","sticky":false,"template":"","format":"standard","meta":{"footnotes":""},"categories":[600],"tags":[6,755,2765,467,429,614],"class_list":["post-6208","post","type-post","status-publish","format-standard","hentry","category-economia","tag-calote","tag-distrito-federal","tag-evarardo-maciel","tag-governo","tag-previdencia","tag-reforma"],"_links":{"self":[{"href":"https:\/\/blogs.correiobraziliense.com.br\/vicente\/wp-json\/wp\/v2\/posts\/6208","targetHints":{"allow":["GET"]}}],"collection":[{"href":"https:\/\/blogs.correiobraziliense.com.br\/vicente\/wp-json\/wp\/v2\/posts"}],"about":[{"href":"https:\/\/blogs.correiobraziliense.com.br\/vicente\/wp-json\/wp\/v2\/types\/post"}],"author":[{"embeddable":true,"href":"https:\/\/blogs.correiobraziliense.com.br\/vicente\/wp-json\/wp\/v2\/users\/22"}],"replies":[{"embeddable":true,"href":"https:\/\/blogs.correiobraziliense.com.br\/vicente\/wp-json\/wp\/v2\/comments?post=6208"}],"version-history":[{"count":4,"href":"https:\/\/blogs.correiobraziliense.com.br\/vicente\/wp-json\/wp\/v2\/posts\/6208\/revisions"}],"predecessor-version":[{"id":6212,"href":"https:\/\/blogs.correiobraziliense.com.br\/vicente\/wp-json\/wp\/v2\/posts\/6208\/revisions\/6212"}],"wp:attachment":[{"href":"https:\/\/blogs.correiobraziliense.com.br\/vicente\/wp-json\/wp\/v2\/media?parent=6208"}],"wp:term":[{"taxonomy":"category","embeddable":true,"href":"https:\/\/blogs.correiobraziliense.com.br\/vicente\/wp-json\/wp\/v2\/categories?post=6208"},{"taxonomy":"post_tag","embeddable":true,"href":"https:\/\/blogs.correiobraziliense.com.br\/vicente\/wp-json\/wp\/v2\/tags?post=6208"}],"curies":[{"name":"wp","href":"https:\/\/api.w.org\/{rel}","templated":true}]}}