{"id":6185,"date":"2017-09-21T15:03:49","date_gmt":"2017-09-21T18:03:49","guid":{"rendered":"https:\/\/blogs.correiobraziliense.com.br\/vicente\/?p=6185"},"modified":"2017-09-21T16:07:46","modified_gmt":"2017-09-21T19:07:46","slug":"governo-ja-admite-empurrar-pagamentos-deste-ano-para-2018","status":"publish","type":"post","link":"https:\/\/blogs.correiobraziliense.com.br\/vicente\/governo-ja-admite-empurrar-pagamentos-deste-ano-para-2018\/","title":{"rendered":"Governo j\u00e1 admite empurrar pagamentos deste ano para 2018"},"content":{"rendered":"<p>O governo bateu bumbo ante o aumento da arrecada\u00e7\u00e3o em agosto, mas quem acompanha o caixa do Tesouro Nacional garante que a secura \u00e9 tamanha, que muitos gastos ser\u00e3o empurrados para 2018 a fim de n\u00e3o estourar o deficit previsto de R$ 159 bilh\u00f5es, rombo que j\u00e1 foi aumentado em R$ 20 bilh\u00f5es.<\/p>\n<p>&nbsp;<\/p>\n<p><em>Bras\u00edlia, 15h03min<\/em><\/p>\n","protected":false},"excerpt":{"rendered":"<p>O governo bateu bumbo ante o aumento da arrecada\u00e7\u00e3o em agosto, mas quem acompanha o caixa do Tesouro Nacional garante que a secura \u00e9 tamanha, que muitos gastos ser\u00e3o empurrados para 2018 a fim de n\u00e3o estourar o deficit previsto de R$ 159 bilh\u00f5es, rombo que j\u00e1 foi aumentado em R$ 20 bilh\u00f5es. &nbsp; Bras\u00edlia, [&hellip;]<\/p>\n","protected":false},"author":22,"featured_media":0,"comment_status":"open","ping_status":"closed","sticky":false,"template":"","format":"standard","meta":{"footnotes":""},"categories":[600],"tags":[121],"class_list":["post-6185","post","type-post","status-publish","format-standard","hentry","category-economia","tag-tesouro-nacional"],"_links":{"self":[{"href":"https:\/\/blogs.correiobraziliense.com.br\/vicente\/wp-json\/wp\/v2\/posts\/6185","targetHints":{"allow":["GET"]}}],"collection":[{"href":"https:\/\/blogs.correiobraziliense.com.br\/vicente\/wp-json\/wp\/v2\/posts"}],"about":[{"href":"https:\/\/blogs.correiobraziliense.com.br\/vicente\/wp-json\/wp\/v2\/types\/post"}],"author":[{"embeddable":true,"href":"https:\/\/blogs.correiobraziliense.com.br\/vicente\/wp-json\/wp\/v2\/users\/22"}],"replies":[{"embeddable":true,"href":"https:\/\/blogs.correiobraziliense.com.br\/vicente\/wp-json\/wp\/v2\/comments?post=6185"}],"version-history":[{"count":1,"href":"https:\/\/blogs.correiobraziliense.com.br\/vicente\/wp-json\/wp\/v2\/posts\/6185\/revisions"}],"predecessor-version":[{"id":6186,"href":"https:\/\/blogs.correiobraziliense.com.br\/vicente\/wp-json\/wp\/v2\/posts\/6185\/revisions\/6186"}],"wp:attachment":[{"href":"https:\/\/blogs.correiobraziliense.com.br\/vicente\/wp-json\/wp\/v2\/media?parent=6185"}],"wp:term":[{"taxonomy":"category","embeddable":true,"href":"https:\/\/blogs.correiobraziliense.com.br\/vicente\/wp-json\/wp\/v2\/categories?post=6185"},{"taxonomy":"post_tag","embeddable":true,"href":"https:\/\/blogs.correiobraziliense.com.br\/vicente\/wp-json\/wp\/v2\/tags?post=6185"}],"curies":[{"name":"wp","href":"https:\/\/api.w.org\/{rel}","templated":true}]}}