{"id":6173,"date":"2017-09-21T06:57:35","date_gmt":"2017-09-21T09:57:35","guid":{"rendered":"https:\/\/blogs.correiobraziliense.com.br\/vicente\/?p=6173"},"modified":"2017-09-21T11:02:11","modified_gmt":"2017-09-21T14:02:11","slug":"coluna-do-correio-o-medo-que-vem-das-eleicoes-de-2018","status":"publish","type":"post","link":"https:\/\/blogs.correiobraziliense.com.br\/vicente\/coluna-do-correio-o-medo-que-vem-das-eleicoes-de-2018\/","title":{"rendered":"Coluna do Correio: O medo que vem das elei\u00e7\u00f5es de 2018"},"content":{"rendered":"<h2>Apesar de esperada, a autoriza\u00e7\u00e3o do Supremo Tribunal Federal (STF) para o envio \u00e0 C\u00e2mara dos Deputados da segunda den\u00fancia da Procuradoria-Geral da Rep\u00fablica contra o presidente Michel Temer, o governo n\u00e3o escondeu seu desconforto. Al\u00e9m de dividir o notici\u00e1rio com as boas not\u00edcias que v\u00eam da economia, a acusa\u00e7\u00e3o feita ainda na gest\u00e3o de Rodrigo Janot tem tudo para atrapalhar os planos da equipe econ\u00f4mica de aprovar, at\u00e9 outubro, a reforma da Previd\u00eancia.<\/h2>\n<p>&nbsp;<\/p>\n<p>A expectativa no entorno de Temer \u00e9 de que a C\u00e2mara enterre mais essa den\u00fancia, talvez at\u00e9 com facilidade maior do que a primeira. O problema \u00e9 canalizar todas as energias para esse processo desgastante, que acaba contaminando os humores dos agentes econ\u00f4micos. A ordem do Planalto \u00e9 para que os aliados de primeira hora acelerem o processo, sempre com o discurso de desqualificar a den\u00fancia e os denunciantes, os irm\u00e3os Joesley e Wesley Batista, da JBS.<\/p>\n<p>&nbsp;<\/p>\n<p>A investidores estrangeiros, em Nova York, Temer se antecipou \u00e0 decis\u00e3o do Supremo. Disse que, independentemente das turbul\u00eancias na \u00e1rea pol\u00edtica, o pa\u00eds voltou a crescer, com juros em queda e infla\u00e7\u00e3o sob controle. Mesmo ciente de que a reforma da Previd\u00eancia ficou mais distante, assegurou que vai insistir no seu projeto, porque o sistema atual de aposentadoria \u00e9 insustent\u00e1vel, est\u00e1 tragando a maior parte dos recursos que entram nos cofres do Tesouro Nacional por meio de impostos.<\/p>\n<p>&nbsp;<\/p>\n<p>Temer sabe que uma boa ret\u00f3rica soa bem aos ouvidos dos investidores, mas, no Congresso, o importante \u00e9 mostrar for\u00e7a. E, neste momento, n\u00e3o h\u00e1 energia suficiente para, ao mesmo tempo, enterrar a den\u00fancia feita por Janot e reunir os votos suficientes para a reforma. Um dos ministros mais pr\u00f3ximos do presidente garante que o governo n\u00e3o jogar\u00e1 a toalha em rela\u00e7\u00e3o \u00e0 Previd\u00eancia. Reconhece, contudo, que o desejo se distanciou muito da realidade.<\/p>\n<p>&nbsp;<\/p>\n<p><strong>Complac\u00eancia<\/strong><\/p>\n<p>&nbsp;<\/p>\n<p>Em Nova York, mais do que a segunda den\u00fancia contra Temer, foi a elei\u00e7\u00e3o presidencial do pr\u00f3ximo ano o ponto principal da conversa entre os investidores. Todos reconhecem os esfor\u00e7os do atual governo para aprovar reformas, por\u00e9m, se perguntam o que ser\u00e1 do Brasil a partir de 2019. \u00c9 inconceb\u00edvel, na cabe\u00e7a dos donos do dinheiro, que a maior parte do eleitorado esteja dividida entre dois extremos. \u00c0 esquerda, com o ex-presidente Lula. \u00c0 direita, com o deputado Jair Bolsonaro.<\/p>\n<p>&nbsp;<\/p>\n<p>Nenhum dos dois, na avalia\u00e7\u00e3o dos investidores, se encaixa no projeto que o pa\u00eds precisa para retomar o crescimento sustentado, com aumento do emprego e da renda sem pol\u00edticas populistas, de efeitos passageiros. As pesquisas de inten\u00e7\u00e3o de votos apontam um descontentamento enorme dos brasileiros com os pol\u00edticos tradicionais. Portanto, dizem os investidores, \u00e9 importante que se construa, rapidamente, uma op\u00e7\u00e3o mais palat\u00e1vel, que evite novas tens\u00f5es na economia.<\/p>\n<p>&nbsp;<\/p>\n<p>Por enquanto, dizem banqueiros e gestores de grandes fortunas, h\u00e1 uma complac\u00eancia com o Brasil. A despeito da crise sem fim na pol\u00edtica, a atividade est\u00e1 retomando o f\u00f4lego, com infla\u00e7\u00e3o abaixo do centro da meta, de 4,5%, perseguida pelo Banco Central. O dado mais recente a confirmar a lenta, mas gradual recupera\u00e7\u00e3o da economia foi a arrecada\u00e7\u00e3o de tributos em agosto, que saltou 10,8%, totalizando R$ 104 bilh\u00f5es. As receitas que mais cresceram est\u00e3o ligadas \u00e0 produ\u00e7\u00e3o.<\/p>\n<p>&nbsp;<\/p>\n<p>N\u00e3o se pode dimensionar at\u00e9 quando vai durar a boa vontade com o pa\u00eds. Por isso, destacam os investidores, \u00e9 de extrema import\u00e2ncia que o Congresso n\u00e3o crie grandes obst\u00e1culos a medidas que mantenham a economia nos eixos. Muitos j\u00e1 n\u00e3o contam com a aprova\u00e7\u00e3o da reforma da Previd\u00eancia na administra\u00e7\u00e3o de Temer. Mas \u00e9 vital que todas as propostas vinculadas ao ajuste fiscal, como o adiamento do reajuste dos servidores de 2018 para 2019, sejam avalizadas. O pa\u00eds deixou para tr\u00e1s a pior recess\u00e3o da hist\u00f3ria, mas ainda \u00e9 um doente que precisa de tratamento rigoroso.<\/p>\n<p>&nbsp;<\/p>\n<p><em>Bras\u00edlia, 06h57min<\/em><\/p>\n","protected":false},"excerpt":{"rendered":"<p>Apesar de esperada, a autoriza\u00e7\u00e3o do Supremo Tribunal Federal (STF) para o envio \u00e0 C\u00e2mara dos Deputados da segunda den\u00fancia da Procuradoria-Geral da Rep\u00fablica contra o presidente Michel Temer, o governo n\u00e3o escondeu seu desconforto. Al\u00e9m de dividir o notici\u00e1rio com as boas not\u00edcias que v\u00eam da economia, a acusa\u00e7\u00e3o feita ainda na gest\u00e3o de [&hellip;]<\/p>\n","protected":false},"author":22,"featured_media":0,"comment_status":"open","ping_status":"closed","sticky":false,"template":"","format":"standard","meta":{"footnotes":""},"categories":[600],"tags":[],"class_list":["post-6173","post","type-post","status-publish","format-standard","hentry","category-economia"],"_links":{"self":[{"href":"https:\/\/blogs.correiobraziliense.com.br\/vicente\/wp-json\/wp\/v2\/posts\/6173","targetHints":{"allow":["GET"]}}],"collection":[{"href":"https:\/\/blogs.correiobraziliense.com.br\/vicente\/wp-json\/wp\/v2\/posts"}],"about":[{"href":"https:\/\/blogs.correiobraziliense.com.br\/vicente\/wp-json\/wp\/v2\/types\/post"}],"author":[{"embeddable":true,"href":"https:\/\/blogs.correiobraziliense.com.br\/vicente\/wp-json\/wp\/v2\/users\/22"}],"replies":[{"embeddable":true,"href":"https:\/\/blogs.correiobraziliense.com.br\/vicente\/wp-json\/wp\/v2\/comments?post=6173"}],"version-history":[{"count":1,"href":"https:\/\/blogs.correiobraziliense.com.br\/vicente\/wp-json\/wp\/v2\/posts\/6173\/revisions"}],"predecessor-version":[{"id":6174,"href":"https:\/\/blogs.correiobraziliense.com.br\/vicente\/wp-json\/wp\/v2\/posts\/6173\/revisions\/6174"}],"wp:attachment":[{"href":"https:\/\/blogs.correiobraziliense.com.br\/vicente\/wp-json\/wp\/v2\/media?parent=6173"}],"wp:term":[{"taxonomy":"category","embeddable":true,"href":"https:\/\/blogs.correiobraziliense.com.br\/vicente\/wp-json\/wp\/v2\/categories?post=6173"},{"taxonomy":"post_tag","embeddable":true,"href":"https:\/\/blogs.correiobraziliense.com.br\/vicente\/wp-json\/wp\/v2\/tags?post=6173"}],"curies":[{"name":"wp","href":"https:\/\/api.w.org\/{rel}","templated":true}]}}