{"id":6158,"date":"2017-09-20T12:50:57","date_gmt":"2017-09-20T15:50:57","guid":{"rendered":"https:\/\/blogs.correiobraziliense.com.br\/vicente\/?p=6158"},"modified":"2017-09-20T13:02:28","modified_gmt":"2017-09-20T16:02:28","slug":"se-ainda-nao-encheu-o-tanque-corra-postos-ampliam-promocao","status":"publish","type":"post","link":"https:\/\/blogs.correiobraziliense.com.br\/vicente\/se-ainda-nao-encheu-o-tanque-corra-postos-ampliam-promocao\/","title":{"rendered":"Se ainda n\u00e3o encheu o tanque, corra. Postos ampliam promo\u00e7\u00e3o"},"content":{"rendered":"<h2>Um n\u00famero maior de postos de combust\u00edveis decidiu reduzir os pre\u00e7os da gasolina para menos de R$ 4. Em \u00c1guas Claras, onde o litro da gasolina chegou a R$ 4,279, o combust\u00edvel est\u00e1 sendo vendido por R$ 3,999. Ainda est\u00e1 caro, mas, para quem est\u00e1 precisando encher o tanque, pode ser uma boa oportunidade.<\/h2>\n<p>&nbsp;<\/p>\n<p><a href=\"https:\/\/blogs.correiobraziliense.com.br\/vicente\/wp-content\/uploads\/sites\/16\/2017\/09\/JorgeGas1.jpg\" rel=\"attachment wp-att-6159\"><img loading=\"lazy\" decoding=\"async\" class=\"alignnone size-full wp-image-6159\" src=\"https:\/\/blogs.correiobraziliense.com.br\/vicente\/wp-content\/uploads\/sites\/16\/2017\/09\/JorgeGas1.jpg\" alt=\"JorgeGas1\" width=\"1280\" height=\"960\" srcset=\"https:\/\/blogs.correiobraziliense.com.br\/vicente\/wp-content\/uploads\/sites\/16\/2017\/09\/JorgeGas1.jpg 1280w, https:\/\/blogs.correiobraziliense.com.br\/vicente\/wp-content\/uploads\/sites\/16\/2017\/09\/JorgeGas1-300x225.jpg 300w, https:\/\/blogs.correiobraziliense.com.br\/vicente\/wp-content\/uploads\/sites\/16\/2017\/09\/JorgeGas1-768x576.jpg 768w, https:\/\/blogs.correiobraziliense.com.br\/vicente\/wp-content\/uploads\/sites\/16\/2017\/09\/JorgeGas1-1024x768.jpg 1024w, https:\/\/blogs.correiobraziliense.com.br\/vicente\/wp-content\/uploads\/sites\/16\/2017\/09\/JorgeGas1-350x263.jpg 350w, https:\/\/blogs.correiobraziliense.com.br\/vicente\/wp-content\/uploads\/sites\/16\/2017\/09\/JorgeGas1-550x413.jpg 550w, https:\/\/blogs.correiobraziliense.com.br\/vicente\/wp-content\/uploads\/sites\/16\/2017\/09\/JorgeGas1-230x173.jpg 230w\" sizes=\"auto, (max-width: 1280px) 100vw, 1280px\" \/><\/a><\/p>\n<p>&nbsp;<\/p>\n<p>Os motoristas t\u00eam reclamado muito dos pre\u00e7os dos combust\u00edveis. A varia\u00e7\u00e3o quase que di\u00e1ria dos valores deixa todos at\u00f4nitos. Essa pol\u00edtica foi adotada pela Petrobras desde julho. Agora, os pre\u00e7os nas refinarias acompanham o mercado internacional e a cota\u00e7\u00e3o do d\u00f3lar.<\/p>\n<p>&nbsp;<\/p>\n<p><a href=\"https:\/\/blogs.correiobraziliense.com.br\/vicente\/wp-content\/uploads\/sites\/16\/2017\/09\/JorgeGas2.jpg\" rel=\"attachment wp-att-6160\"><img loading=\"lazy\" decoding=\"async\" class=\"alignnone size-full wp-image-6160\" src=\"https:\/\/blogs.correiobraziliense.com.br\/vicente\/wp-content\/uploads\/sites\/16\/2017\/09\/JorgeGas2.jpg\" alt=\"JorgeGas2\" width=\"1280\" height=\"960\" srcset=\"https:\/\/blogs.correiobraziliense.com.br\/vicente\/wp-content\/uploads\/sites\/16\/2017\/09\/JorgeGas2.jpg 1280w, https:\/\/blogs.correiobraziliense.com.br\/vicente\/wp-content\/uploads\/sites\/16\/2017\/09\/JorgeGas2-300x225.jpg 300w, https:\/\/blogs.correiobraziliense.com.br\/vicente\/wp-content\/uploads\/sites\/16\/2017\/09\/JorgeGas2-768x576.jpg 768w, https:\/\/blogs.correiobraziliense.com.br\/vicente\/wp-content\/uploads\/sites\/16\/2017\/09\/JorgeGas2-1024x768.jpg 1024w, https:\/\/blogs.correiobraziliense.com.br\/vicente\/wp-content\/uploads\/sites\/16\/2017\/09\/JorgeGas2-350x263.jpg 350w, https:\/\/blogs.correiobraziliense.com.br\/vicente\/wp-content\/uploads\/sites\/16\/2017\/09\/JorgeGas2-550x413.jpg 550w, https:\/\/blogs.correiobraziliense.com.br\/vicente\/wp-content\/uploads\/sites\/16\/2017\/09\/JorgeGas2-230x173.jpg 230w\" sizes=\"auto, (max-width: 1280px) 100vw, 1280px\" \/><\/a><\/p>\n<p>&nbsp;<\/p>\n<p><em>Bras\u00edlia, 12h50min<\/em><\/p>\n","protected":false},"excerpt":{"rendered":"<p>Um n\u00famero maior de postos de combust\u00edveis decidiu reduzir os pre\u00e7os da gasolina para menos de R$ 4. Em \u00c1guas Claras, onde o litro da gasolina chegou a R$ 4,279, o combust\u00edvel est\u00e1 sendo vendido por R$ 3,999. Ainda est\u00e1 caro, mas, para quem est\u00e1 precisando encher o tanque, pode ser uma boa oportunidade. &nbsp; [&hellip;]<\/p>\n","protected":false},"author":22,"featured_media":0,"comment_status":"open","ping_status":"closed","sticky":false,"template":"","format":"standard","meta":{"footnotes":""},"categories":[600],"tags":[],"class_list":["post-6158","post","type-post","status-publish","format-standard","hentry","category-economia"],"_links":{"self":[{"href":"https:\/\/blogs.correiobraziliense.com.br\/vicente\/wp-json\/wp\/v2\/posts\/6158","targetHints":{"allow":["GET"]}}],"collection":[{"href":"https:\/\/blogs.correiobraziliense.com.br\/vicente\/wp-json\/wp\/v2\/posts"}],"about":[{"href":"https:\/\/blogs.correiobraziliense.com.br\/vicente\/wp-json\/wp\/v2\/types\/post"}],"author":[{"embeddable":true,"href":"https:\/\/blogs.correiobraziliense.com.br\/vicente\/wp-json\/wp\/v2\/users\/22"}],"replies":[{"embeddable":true,"href":"https:\/\/blogs.correiobraziliense.com.br\/vicente\/wp-json\/wp\/v2\/comments?post=6158"}],"version-history":[{"count":1,"href":"https:\/\/blogs.correiobraziliense.com.br\/vicente\/wp-json\/wp\/v2\/posts\/6158\/revisions"}],"predecessor-version":[{"id":6161,"href":"https:\/\/blogs.correiobraziliense.com.br\/vicente\/wp-json\/wp\/v2\/posts\/6158\/revisions\/6161"}],"wp:attachment":[{"href":"https:\/\/blogs.correiobraziliense.com.br\/vicente\/wp-json\/wp\/v2\/media?parent=6158"}],"wp:term":[{"taxonomy":"category","embeddable":true,"href":"https:\/\/blogs.correiobraziliense.com.br\/vicente\/wp-json\/wp\/v2\/categories?post=6158"},{"taxonomy":"post_tag","embeddable":true,"href":"https:\/\/blogs.correiobraziliense.com.br\/vicente\/wp-json\/wp\/v2\/tags?post=6158"}],"curies":[{"name":"wp","href":"https:\/\/api.w.org\/{rel}","templated":true}]}}