{"id":6154,"date":"2017-09-20T11:53:55","date_gmt":"2017-09-20T14:53:55","guid":{"rendered":"https:\/\/blogs.correiobraziliense.com.br\/vicente\/?p=6154"},"modified":"2017-09-20T12:21:10","modified_gmt":"2017-09-20T15:21:10","slug":"agu-derruba-liminar-e-garante-leilao-de-usinas-da-cemig","status":"publish","type":"post","link":"https:\/\/blogs.correiobraziliense.com.br\/vicente\/agu-derruba-liminar-e-garante-leilao-de-usinas-da-cemig\/","title":{"rendered":"AGU derruba liminar e garante leil\u00e3o de usinas da Cemig"},"content":{"rendered":"<h2>A Advocacia-Geral da Uni\u00e3o (AGU) derrubou nesta quarta-feira a liminar que impedia a realiza\u00e7\u00e3o do leil\u00e3o das usinas de Jaguara, Miranda, Volta Grande e S\u00e3o Sim\u00e3o. A decis\u00e3o \u00e9 do Superior Tribunal de Justi\u00e7a (STJ). Tr\u00eas dessas usinas s\u00e3o reivindicadas pela pela Cemig.<\/h2>\n<p>&nbsp;<\/p>\n<p>O governo espera arrecadar R$ 11 bilh\u00f5es com as usinas. O leil\u00e3o est\u00e1 marcado para 27 de setembro. Havia um grande temor dentro do governo de que o leil\u00e3o n\u00e3o se realizasse, pois os recursos previstos s\u00e3o vitais para que n\u00e3o se extrapole o deficit fiscal previsto para este ano, de R$ 159 bilh\u00f5es.<\/p>\n<p>&nbsp;<\/p>\n<p>A equipe econ\u00f4mica, liderada pelo ministro do Planejamento, Dyogo Oliveira, tentou uma s\u00e9rie de acordos com a Cemig, inclusive abrindo a possibilidade de a empresa obter financiamento com o Banco Nacional de Desenvolvimento Econ\u00f4mico e Social (BNDES) para comprar as usinas.<\/p>\n<p>&nbsp;<\/p>\n<p>A Cemig, por\u00e9m, n\u00e3o conseguiu apresentar garantias para ao financiamento. A situa\u00e7\u00e3o de caixa da empresa \u00e9 dram\u00e1tica e o n\u00edvel de endividamento, elevad\u00edssimo. O BNDES se recusou a assumir os riscos da opera\u00e7\u00e3o.<\/p>\n<p>&nbsp;<\/p>\n<p><strong>Efeito Dilma<\/strong><\/p>\n<p>&nbsp;<\/p>\n<p>Tr\u00eas usinas da Cemig \u2014 Jaguara, Miranda e S\u00e3o Sim\u00e3o \u2014 foram retomadas pelo governo federal por meio de medida provis\u00f3ria baixada ainda na administra\u00e7\u00e3o de Dilma Rousseff. A ent\u00e3o presidente fez uma grande interven\u00e7\u00e3o no setor el\u00e9trico para reduzir o valor da conta de luz, mas o processo se mostrou desastroso.<\/p>\n<p>&nbsp;<\/p>\n<p>As empresas que n\u00e3o aderiram ao programa de Dilma tiveram que devolver v\u00e1rias concess\u00f5es. A Cemig foi uma delas, e se fiou na Justi\u00e7a para manter o controle das usinas. Mas acabou sendo atropelada. Com o caixa do Tesouro Nacional em situa\u00e7\u00e3o dram\u00e1tica, n\u00e3o houve a menor possibilidade de o presidente Michel Temer atender o pleito da bancada mineira.<\/p>\n<p>&nbsp;<\/p>\n<p>Chamou a aten\u00e7\u00e3o da equipe econ\u00f4mica, durante as negocia\u00e7\u00f5es com a Cemig, a falta de um planejamento estrat\u00e9gico para negociar as usinas. O despreparo da gest\u00e3o da empresa foi gritante.<\/p>\n<p>&nbsp;<\/p>\n<p><em>Bras\u00edlia, 11h53min<\/em><\/p>\n","protected":false},"excerpt":{"rendered":"<p>A Advocacia-Geral da Uni\u00e3o (AGU) derrubou nesta quarta-feira a liminar que impedia a realiza\u00e7\u00e3o do leil\u00e3o das usinas de Jaguara, Miranda, Volta Grande e S\u00e3o Sim\u00e3o. A decis\u00e3o \u00e9 do Superior Tribunal de Justi\u00e7a (STJ). Tr\u00eas dessas usinas s\u00e3o reivindicadas pela pela Cemig. &nbsp; O governo espera arrecadar R$ 11 bilh\u00f5es com as usinas. O [&hellip;]<\/p>\n","protected":false},"author":22,"featured_media":0,"comment_status":"open","ping_status":"closed","sticky":false,"template":"","format":"standard","meta":{"footnotes":""},"categories":[600],"tags":[120,89,2667,76,2433,2669,2758,2670,2668],"class_list":["post-6154","post","type-post","status-publish","format-standard","hentry","category-economia","tag-agu","tag-bndes","tag-cemig","tag-deficit","tag-fiscal","tag-jaguara","tag-leilao","tag-miranda","tag-sao-simao"],"_links":{"self":[{"href":"https:\/\/blogs.correiobraziliense.com.br\/vicente\/wp-json\/wp\/v2\/posts\/6154","targetHints":{"allow":["GET"]}}],"collection":[{"href":"https:\/\/blogs.correiobraziliense.com.br\/vicente\/wp-json\/wp\/v2\/posts"}],"about":[{"href":"https:\/\/blogs.correiobraziliense.com.br\/vicente\/wp-json\/wp\/v2\/types\/post"}],"author":[{"embeddable":true,"href":"https:\/\/blogs.correiobraziliense.com.br\/vicente\/wp-json\/wp\/v2\/users\/22"}],"replies":[{"embeddable":true,"href":"https:\/\/blogs.correiobraziliense.com.br\/vicente\/wp-json\/wp\/v2\/comments?post=6154"}],"version-history":[{"count":3,"href":"https:\/\/blogs.correiobraziliense.com.br\/vicente\/wp-json\/wp\/v2\/posts\/6154\/revisions"}],"predecessor-version":[{"id":6157,"href":"https:\/\/blogs.correiobraziliense.com.br\/vicente\/wp-json\/wp\/v2\/posts\/6154\/revisions\/6157"}],"wp:attachment":[{"href":"https:\/\/blogs.correiobraziliense.com.br\/vicente\/wp-json\/wp\/v2\/media?parent=6154"}],"wp:term":[{"taxonomy":"category","embeddable":true,"href":"https:\/\/blogs.correiobraziliense.com.br\/vicente\/wp-json\/wp\/v2\/categories?post=6154"},{"taxonomy":"post_tag","embeddable":true,"href":"https:\/\/blogs.correiobraziliense.com.br\/vicente\/wp-json\/wp\/v2\/tags?post=6154"}],"curies":[{"name":"wp","href":"https:\/\/api.w.org\/{rel}","templated":true}]}}