{"id":6152,"date":"2017-09-19T18:20:25","date_gmt":"2017-09-19T21:20:25","guid":{"rendered":"https:\/\/blogs.correiobraziliense.com.br\/vicente\/?p=6152"},"modified":"2017-09-19T19:16:22","modified_gmt":"2017-09-19T22:16:22","slug":"chefe-da-agu-diz-que-bancos-devem-pagar-ate-r-16-bi-poupadores","status":"publish","type":"post","link":"https:\/\/blogs.correiobraziliense.com.br\/vicente\/chefe-da-agu-diz-que-bancos-devem-pagar-ate-r-16-bi-poupadores\/","title":{"rendered":"Chefe da AGU diz que bancos devem pagar at\u00e9 R$ 16 bi a poupadores"},"content":{"rendered":"<h2>Os poupadores que cobram na Justi\u00e7a perdas com planos econ\u00f4micos na caderneta de poupan\u00e7a poder\u00e3o ser ressarcidos em at\u00e9 R$ 16 bilh\u00f5es, segundo a advogada-geral da Uni\u00e3o (AGU), Grace Mendon\u00e7a. Em entrevista ao programa <strong>CB.Poder<\/strong>, uma parceria entre o <strong>Correio Braziliense<\/strong> e a <em>Tev\u00ea Bras\u00edlia<\/em>, ela ressalta que os acertos est\u00e3o em fase final.<\/h2>\n<p>&nbsp;<\/p>\n<p>&#8220;A AGU vem trabalhando como mediadora entre poupadores e institui\u00e7\u00f5es financeiras. \u00c9 um trabalho que j\u00e1 se estende h\u00e1 mais de 10 meses. Sabemos que essa quest\u00e3o est\u00e1 sendo objeto de enfrentamento pelo STF (Supremo Tribunal Federal) em a\u00e7\u00f5es espec\u00edficas, mas estamos no esfor\u00e7o institucional para finalizarmos esses acordos e apresentarmos uma solu\u00e7\u00e3o ao Supremo que seja objeto de consenso&#8221;, afirma.<\/p>\n<p>&nbsp;<\/p>\n<p><a href=\"https:\/\/www.youtube.com\/watch?v=C0Ehf2h5g3U\">https:\/\/www.youtube.com\/watch?v=C0Ehf2h5g3U<\/a><\/p>\n<p>&nbsp;<\/p>\n<p>Segundo Grace, o acordo pressup\u00f5e concess\u00f5es rec\u00edprocas. &#8220;Ent\u00e3o, poupadores tendem a ceder, de alguma forma, em algum aspecto, assim como os bancos e outras institui\u00e7\u00f5es, ap\u00f3s todo o trabalho no sentido de depurarmos quais seriam as a\u00e7\u00f5es, o acervo de a\u00e7\u00f5es coletivas, em especial as coletivas ativas, porque temos muitas a\u00e7\u00f5es j\u00e1 prescritas. Essa quest\u00e3o j\u00e1 se arrasta h\u00e1 quase 30 anos. Toda a inten\u00e7\u00e3o da AGU \u00e9 no sentido de facilitar a aproxima\u00e7\u00e3o entre as partes, apresentarmos ao STF uma solu\u00e7\u00e3o que seja objeto de um consenso e requeremos \u00e0 Suprema Corte do pa\u00eds a homologa\u00e7\u00e3o desse acordo&#8217;, frisa.<\/p>\n<p>&nbsp;<\/p>\n<p>A ministra ressalta que, depois de todas as discuss\u00f5es, a perspectiva \u00e9 de que o acordo esteja na\u00a0reta final. &#8220;Todas as tratativas est\u00e3o em termos de cl\u00e1usulas. Mas o que demandou muito tempo foi o mapeamento de todas essas a\u00e7\u00f5es, a defini\u00e7\u00e3o do universo dos benefici\u00e1rios. Realmente, uma quest\u00e3o dessa magnitude, difusa como \u00e9, exigiu uma dedica\u00e7\u00e3o diferenciada da AGU&#8221;, assinala.<\/p>\n<p>&nbsp;<\/p>\n<p><a href=\"https:\/\/www.youtube.com\/watch?v=4k7XuFjwawc\">https:\/\/www.youtube.com\/watch?v=4k7XuFjwawc<\/a><\/p>\n<p>&nbsp;<\/p>\n<p>Apesar de todos os avan\u00e7os, ainda n\u00e3o h\u00e1 um valor fechado da indeniza\u00e7\u00e3o para os poupadores que reclamaram perdas, principalmente, nos planos Ver\u00e3o (1989) e Collor 2 (1991). As contas variam entre R$ 11 bilh\u00f5es e R$ 16 bilh\u00f5es.<\/p>\n<p>&nbsp;<\/p>\n<p>&#8220;Ainda n\u00e3o temos um valor preciso por causa das negocia\u00e7\u00f5es. Muito do que se tem em termos de percentual (de corre\u00e7\u00e3o) pode, eventualmente, ser objeto de algum n\u00edvel de desconto. Essa parte ainda n\u00e3o est\u00e1 fechada, todos est\u00e3o dialogando com a advocacia, que exerce o papel de mediadora. Mas trabalhamos com algo em torno de R$ 11 bilh\u00f5es e R$ 16 bilh\u00f5es. \u00c9 isso que se tem em perspectiva&#8221;, ressalta Grace.<\/p>\n<p>&nbsp;<\/p>\n<p>Durante os planos econ\u00f4micos, na tentativa de controlar a infla\u00e7\u00e3o, o governo mudavas as regras de corre\u00e7\u00e3o da tradicional caderneta de poupan\u00e7a. Houve meses em que o rendimento correspondeu \u00e0 metade da varia\u00e7\u00e3o oficial do \u00cdndice de Pre\u00e7os ao Consumidor Amplo (IPCA). Os maiores credores s\u00e3o os bancos p\u00fablicos, o Banco do Brasil e a Caixa Econ\u00f4mica Federal.<\/p>\n<p>&nbsp;<\/p>\n<p><em>Bras\u00edlia, 18h20min<\/em><\/p>\n<p>&nbsp;<\/p>\n","protected":false},"excerpt":{"rendered":"<p>Os poupadores que cobram na Justi\u00e7a perdas com planos econ\u00f4micos na caderneta de poupan\u00e7a poder\u00e3o ser ressarcidos em at\u00e9 R$ 16 bilh\u00f5es, segundo a advogada-geral da Uni\u00e3o (AGU), Grace Mendon\u00e7a. Em entrevista ao programa CB.Poder, uma parceria entre o Correio Braziliense e a Tev\u00ea Bras\u00edlia, ela ressalta que os acertos est\u00e3o em fase final. &nbsp; [&hellip;]<\/p>\n","protected":false},"author":22,"featured_media":0,"comment_status":"open","ping_status":"closed","sticky":false,"template":"","format":"standard","meta":{"footnotes":""},"categories":[600],"tags":[120,2558,2756,2757,2463,2559,436,2755],"class_list":["post-6152","post","type-post","status-publish","format-standard","hentry","category-economia","tag-agu","tag-caderneta","tag-grace","tag-mendonca","tag-perdas","tag-planos-economicos","tag-poupanca","tag-ressarcimento"],"_links":{"self":[{"href":"https:\/\/blogs.correiobraziliense.com.br\/vicente\/wp-json\/wp\/v2\/posts\/6152","targetHints":{"allow":["GET"]}}],"collection":[{"href":"https:\/\/blogs.correiobraziliense.com.br\/vicente\/wp-json\/wp\/v2\/posts"}],"about":[{"href":"https:\/\/blogs.correiobraziliense.com.br\/vicente\/wp-json\/wp\/v2\/types\/post"}],"author":[{"embeddable":true,"href":"https:\/\/blogs.correiobraziliense.com.br\/vicente\/wp-json\/wp\/v2\/users\/22"}],"replies":[{"embeddable":true,"href":"https:\/\/blogs.correiobraziliense.com.br\/vicente\/wp-json\/wp\/v2\/comments?post=6152"}],"version-history":[{"count":1,"href":"https:\/\/blogs.correiobraziliense.com.br\/vicente\/wp-json\/wp\/v2\/posts\/6152\/revisions"}],"predecessor-version":[{"id":6153,"href":"https:\/\/blogs.correiobraziliense.com.br\/vicente\/wp-json\/wp\/v2\/posts\/6152\/revisions\/6153"}],"wp:attachment":[{"href":"https:\/\/blogs.correiobraziliense.com.br\/vicente\/wp-json\/wp\/v2\/media?parent=6152"}],"wp:term":[{"taxonomy":"category","embeddable":true,"href":"https:\/\/blogs.correiobraziliense.com.br\/vicente\/wp-json\/wp\/v2\/categories?post=6152"},{"taxonomy":"post_tag","embeddable":true,"href":"https:\/\/blogs.correiobraziliense.com.br\/vicente\/wp-json\/wp\/v2\/tags?post=6152"}],"curies":[{"name":"wp","href":"https:\/\/api.w.org\/{rel}","templated":true}]}}