{"id":6147,"date":"2017-09-19T15:51:42","date_gmt":"2017-09-19T18:51:42","guid":{"rendered":"https:\/\/blogs.correiobraziliense.com.br\/vicente\/?p=6147"},"modified":"2017-09-19T18:22:35","modified_gmt":"2017-09-19T21:22:35","slug":"agu-mantem-na-justica-suspensao-de-pensao-filhas-solteiras-de-servidores","status":"publish","type":"post","link":"https:\/\/blogs.correiobraziliense.com.br\/vicente\/agu-mantem-na-justica-suspensao-de-pensao-filhas-solteiras-de-servidores\/","title":{"rendered":"AGU mant\u00e9m na Justi\u00e7a suspens\u00e3o de pens\u00e3o a filhas solteiras de servidores"},"content":{"rendered":"<h2>A advogada-geral da Uni\u00e3o (AGU), Grace Mendon\u00e7a, diz que o \u00f3rg\u00e3o conseguiu manter na Justi\u00e7a a suspens\u00e3o do pagamento de pens\u00f5es a filhas de servidores p\u00fablicos que j\u00e1 morreram. Em m\u00e9dia, cada uma delas recebe R$ 64,1 mil por m\u00eas. S\u00e3o 19,5 mil mulheres nessas condi\u00e7\u00f5es, que, segundo a AGU, t\u00eam outras fontes de renda e, portanto, n\u00e3o t\u00eam direito \u00e0s pens\u00f5es.<\/h2>\n<p>&nbsp;<\/p>\n<p>O pedido da AGU foi ratificado pelo Tribunal Regional Federal (TRF) da 2\u00aa Regi\u00e3o, A perspectiva \u00e9 de que o governo economize, com a suspens\u00e3o do pagamento de pens\u00f5es, R$ 1,25 bilh\u00e3o por ano ou R$ 5 bilh\u00f5es em quatro anos. Diante da s\u00e9ria restri\u00e7\u00e3o or\u00e7ament\u00e1ria do governo, que deve encerrar 2017 com deficit fiscal de R$ 159 bilh\u00f5es, toda economia \u00e9 muito bem-vinda.<\/p>\n<p>&nbsp;<\/p>\n<p>Na avalia\u00e7\u00e3o de Grace Mendon\u00e7a, que participou do programa <strong>CB.Poder<\/strong>, uma parceria do <strong>Correio Braziliense<\/strong>\u00a0com a <em>Tev\u00ea Bras\u00edlia<\/em>, s\u00e3o fatos como esse que tornam premente a necessidade de reforma da Previd\u00eancia proposta pelo governo.<\/p>\n<p>&nbsp;<\/p>\n<p><a href=\"https:\/\/www.youtube.com\/watch?v=C0Ehf2h5g3U\">https:\/\/www.youtube.com\/watch?v=C0Ehf2h5g3U<\/a><\/p>\n<p>&nbsp;<\/p>\n<p>&#8220;Isso revela muito a necessidade de n\u00f3s passarmos a limpo a quest\u00e3o previdenci\u00e1ria no pa\u00eds. Da\u00ed a import\u00e2ncia da reforma da previd\u00eancia. Os debates que est\u00e3o sendo travados, os encaminhamentos que foram dados retratam exatamente a percep\u00e7\u00e3o de que hoje vivenciamos um sistema que n\u00e3o se sustenta. Precisamos ampliar as bases, rever e analisar, revisitar alguns desses temas, em especial esse&#8221;, afirma.<\/p>\n<p>&nbsp;<\/p>\n<p>Segundo Grace, esse n\u00e3o \u00e9 o \u00fanico esfor\u00e7o da AGU em rela\u00e7\u00e3o a pens\u00f5es. &#8220;Adotamos, desde o ano passado, uma estrat\u00e9gia quando se trata, por exemplo, do feminic\u00eddio. Buscamos, em ju\u00edzo, obter uma decis\u00e3o que assegurasse a a\u00e7\u00e3o regressiva a fim de que aquele que foi de fato o causador da morte da mulher pudesse ressarcir os cofres p\u00fablicos do preju\u00edzo a todo o sistema previdenci\u00e1rio&#8221;, afirma. Nessas a\u00e7\u00f5es, a AGU obriga que o assassino ressar\u00e7a o Er\u00e1rio, que fica respons\u00e1vel pelo pagamento de pens\u00f5es aos filhos das v\u00edtimas.<\/p>\n<p>&nbsp;<\/p>\n<p><a href=\"https:\/\/www.youtube.com\/watch?v=4k7XuFjwawc\">https:\/\/www.youtube.com\/watch?v=4k7XuFjwawc<\/a><\/p>\n<p>&nbsp;<\/p>\n<p>Para a advogada-geral da Uni\u00e3o, \u00e9 importante que a popula\u00e7\u00e3o saiba que, desde a vit\u00f3ria no STJ (Superior Tribunal de Justi\u00e7a), a AGU est\u00e1 ingressando com todas as a\u00e7\u00f5es regressivas para que o sistema previdenci\u00e1rio seja reparado e ressarcido tamb\u00e9m nessas hip\u00f3teses. &#8220;J\u00e1\u00a0desencadeamos mais 14 a\u00e7\u00f5es nesse contexto, mas solicitamos ao Conselho Nacional de Justi\u00e7a que nos autorize ou nos repasse todas as informa\u00e7\u00f5es dessas a\u00e7\u00f5es para que possamos trabalhar e avan\u00e7ar nas a\u00e7\u00f5es seguintes&#8221;, ressalta.<\/p>\n<p>&nbsp;<\/p>\n<p>Grace ressaltou ainda que a AGU deve fechar, ainda na pr\u00f3xima semana, mais um acordo de leni\u00eancia dentro da Lava-Jato. J\u00e1 foram acertados acordos com a construtora UTC, que aceitou devolver R$ 3,2 bilh\u00f5es aos cofres p\u00fablicos, e com a Biofinger, que far\u00e1 um ressarcimento de R$ 90 milh\u00f5es. No total, 11 acordos est\u00e3o em andamento.<\/p>\n<p>&nbsp;<\/p>\n<p><em>Bras\u00edlia, 15h51min<\/em><\/p>\n<p>&nbsp;<\/p>\n","protected":false},"excerpt":{"rendered":"<p>A advogada-geral da Uni\u00e3o (AGU), Grace Mendon\u00e7a, diz que o \u00f3rg\u00e3o conseguiu manter na Justi\u00e7a a suspens\u00e3o do pagamento de pens\u00f5es a filhas de servidores p\u00fablicos que j\u00e1 morreram. Em m\u00e9dia, cada uma delas recebe R$ 64,1 mil por m\u00eas. S\u00e3o 19,5 mil mulheres nessas condi\u00e7\u00f5es, que, segundo a AGU, t\u00eam outras fontes de renda [&hellip;]<\/p>\n","protected":false},"author":22,"featured_media":0,"comment_status":"open","ping_status":"closed","sticky":false,"template":"","format":"standard","meta":{"footnotes":""},"categories":[600],"tags":[2753,120,2751,2750,2754,2462,123,2752],"class_list":["post-6147","post","type-post","status-publish","format-standard","hentry","category-economia","tag-acordos","tag-agu","tag-filhas","tag-grace-mendonca","tag-leniencia","tag-publicos","tag-servidores","tag-solteiras"],"_links":{"self":[{"href":"https:\/\/blogs.correiobraziliense.com.br\/vicente\/wp-json\/wp\/v2\/posts\/6147","targetHints":{"allow":["GET"]}}],"collection":[{"href":"https:\/\/blogs.correiobraziliense.com.br\/vicente\/wp-json\/wp\/v2\/posts"}],"about":[{"href":"https:\/\/blogs.correiobraziliense.com.br\/vicente\/wp-json\/wp\/v2\/types\/post"}],"author":[{"embeddable":true,"href":"https:\/\/blogs.correiobraziliense.com.br\/vicente\/wp-json\/wp\/v2\/users\/22"}],"replies":[{"embeddable":true,"href":"https:\/\/blogs.correiobraziliense.com.br\/vicente\/wp-json\/wp\/v2\/comments?post=6147"}],"version-history":[{"count":4,"href":"https:\/\/blogs.correiobraziliense.com.br\/vicente\/wp-json\/wp\/v2\/posts\/6147\/revisions"}],"predecessor-version":[{"id":6151,"href":"https:\/\/blogs.correiobraziliense.com.br\/vicente\/wp-json\/wp\/v2\/posts\/6147\/revisions\/6151"}],"wp:attachment":[{"href":"https:\/\/blogs.correiobraziliense.com.br\/vicente\/wp-json\/wp\/v2\/media?parent=6147"}],"wp:term":[{"taxonomy":"category","embeddable":true,"href":"https:\/\/blogs.correiobraziliense.com.br\/vicente\/wp-json\/wp\/v2\/categories?post=6147"},{"taxonomy":"post_tag","embeddable":true,"href":"https:\/\/blogs.correiobraziliense.com.br\/vicente\/wp-json\/wp\/v2\/tags?post=6147"}],"curies":[{"name":"wp","href":"https:\/\/api.w.org\/{rel}","templated":true}]}}