{"id":6128,"date":"2017-09-17T06:15:43","date_gmt":"2017-09-17T09:15:43","guid":{"rendered":"https:\/\/blogs.correiobraziliense.com.br\/vicente\/?p=6128"},"modified":"2017-09-17T14:30:52","modified_gmt":"2017-09-17T17:30:52","slug":"tres-presidentes-acusados-de-corrupcao-e-um-pais-deriva","status":"publish","type":"post","link":"https:\/\/blogs.correiobraziliense.com.br\/vicente\/tres-presidentes-acusados-de-corrupcao-e-um-pais-deriva\/","title":{"rendered":"Tr\u00eas presidentes acusados de corrup\u00e7\u00e3o e um pa\u00eds \u00e0 deriva"},"content":{"rendered":"<h2>ANTONIO MACHADO<\/h2>\n<h2><\/h2>\n<h2>Com os \u00faltimos tr\u00eas presidentes da mesma coaliz\u00e3o governante desde 2003 denunciados, inclusive o atual, um deles condenado a quase 10 anos de pris\u00e3o, j\u00e1 seria bizarro que coubesse ao PMDB, s\u00f3cio atleta da trinca, desfazer o que fez o PT, \u201cdono\u201d da lamban\u00e7a de dimens\u00f5es amaz\u00f4nicas. Tal como a JBS, mais vistoso neg\u00f3cio da era dos campe\u00f5es no tapet\u00e3o, tipo a escolha do Brasil para sediar as Olimp\u00edadas.<\/h2>\n<p>&nbsp;<\/p>\n<p>A hist\u00f3ria \u00e9 conhecida e vem tendo as suas entranhas expostas, mas os elos entre os partidos, os personagens e os patrocinadores tanto de fora quanto de dentro do sistema da administra\u00e7\u00e3o p\u00fablica n\u00e3o s\u00e3o t\u00e3o claros nem conhecidos. Ou o processo n\u00e3o teria chegado ao porte que chegou. A bem da verdade, o enraizamento da influ\u00eancia pol\u00edtica delet\u00e9ria teve amplo apoio, ou Lula e Dilma n\u00e3o seriam eleitos nem reeleitos, arrastando o PMDB de Michel Temer e outros agregados.<\/p>\n<p>&nbsp;<\/p>\n<p>Essa \u00e9 a parte mais dif\u00edcil de resolver, j\u00e1 que muitos que apoiam hoje as reformas ainda ontem batiam palmas para cr\u00e9dito subsidiado (\u00e0s custas do endividamento do Tesouro Nacional), a desonera\u00e7\u00e3o da folha (arrombando o caixa do INSS) e o corte voluntarista da tarifa da eletricidade (que tirou o setor el\u00e9trico da tomada).<\/p>\n<p>&nbsp;<\/p>\n<p>Tamb\u00e9m s\u00e3o os que pedem reforma tribut\u00e1ria que reduza impostos. Do mesmo modo, o procurador que investiga os corruptos e o juiz que os condena n\u00e3o se avexam em violar a Constitui\u00e7\u00e3o, recebendo acima do teto legal. Estamos como a fam\u00edlia que recebe um hospede grosseiro.<\/p>\n<p>&nbsp;<\/p>\n<blockquote><p>&#8220;Ou entendemos o que arrasou a economia ou nos condenamos a repetir e repetir os erros de sempre&#8221;<\/p><\/blockquote>\n<p>&nbsp;<\/p>\n<p>Ele fuma na sala e bate cinza no ch\u00e3o, usa o banheiro como quem se alivia na rua, recebe uma gentileza e n\u00e3o agradece. O burocrata tem privil\u00e9gios de bar\u00e3o &#8212; emprego est\u00e1vel, pens\u00e3o integral, reajustada como se estivesse na ativa etc. &#8212; e vive pedindo mais. Quem reclama \u00e9 injuriado e acusado de privatista e de querer sucatear o Estado.<\/p>\n<p>&nbsp;<\/p>\n<p>N\u00e3o surpreende que a reforma da previd\u00eancia n\u00e3o tenha apoio na rua e muitos acreditem que se destine a dar dinheiro para banqueiros, e n\u00e3o bem para garantir a aposentadoria de quem nem tem idade para se aposentar, mas para n\u00e3o chegarmos a 2030 (e at\u00e9 antes) destinando a totalidade dos impostos apenas para atender o custeio do INSS e dos regimes previdenci\u00e1rios pr\u00f3prios dos funcion\u00e1rios. E o governo? Defende a reforma dizendo que o INSS est\u00e1 bichado, mas pouco fala sobre a iniquidade e a insolv\u00eancia do regime p\u00fablico.<\/p>\n<p>&nbsp;<\/p>\n<p><strong>Tr\u00eas andares mambembes<\/strong><\/p>\n<p>&nbsp;<\/p>\n<p>Ou bem entendemos o que arrasou a economia ou estaremos condenados (como o personagem do cultuado filme Feiti\u00e7o do Tempo) a repetir e repetir tudo outra vez. A economia chega ao fim de linha com Dilma, mas ela come\u00e7a a regredir desde o ocaso do modelo de financiamento for\u00e7ado do regime militar e da omiss\u00e3o dos constituintes de 1987.<\/p>\n<p>&nbsp;<\/p>\n<p>A Constitui\u00e7\u00e3o foi pr\u00f3diga ao criar direitos, ali\u00e1s, leg\u00edtimos, e imprudente ao modelar uma Federa\u00e7\u00e3o de tr\u00eas andares com fun\u00e7\u00f5es que se sobrep\u00f5em (sa\u00fade, educa\u00e7\u00e3o, c\u00e2maras, justi\u00e7a, por exemplo) sem a aten\u00e7\u00e3o ao custo dessa estrutura institucional, sobrecarregada pela incorpora\u00e7\u00e3o ao regime estatut\u00e1rio dos servidores celetistas.<\/p>\n<p>&nbsp;<\/p>\n<p>O mais grave foi o descaso com o crescimento movido a investimento (ao contr\u00e1rio do que se fez no p\u00f3s-guerra na Europa e nos Estados Unidos e, depois dos anos 1970, na \u00c1sia). O que h\u00e1 de infraestrutura e manufatura no pa\u00eds data dos anos 1970 e 1980. Os projetos mais recentes, em boa parte, s\u00e3o os que comp\u00f5em a narrativa de fracassos da Lava Jato.<\/p>\n<p>&nbsp;<\/p>\n<p><strong>O caos a c\u00e9u aberto<\/strong><\/p>\n<p>&nbsp;<\/p>\n<p>O pa\u00eds, portanto, vinha num vi\u00e9s de decad\u00eancia antes da chegada do PT, Lula &amp; Cia. Eles o agravaram, ao jogar fora o projeto de zerar o d\u00e9ficit or\u00e7ament\u00e1rio, inclu\u00edda a conta de juros e n\u00e3o s\u00f3 a que a exclui, chamada de resultado prim\u00e1rio, em 2005. Da\u00ed em diante, com a ilus\u00e3o da riqueza das commodities, folgaram com o or\u00e7amento, mas n\u00e3o com o investimento. Pior: as obras que lan\u00e7aram deram n\u2019\u00e1gua.<\/p>\n<p>&nbsp;<\/p>\n<p>Essa \u00e9 a quest\u00e3o estrat\u00e9gica que temos de considerar para tirar o pa\u00eds da crise, o que significa n\u00e3o aceitar taxas de crescimento de 2% a 3% anuais. \u00c9 pouco para evitar a regress\u00e3o social, apesar de at\u00e9 isso hoje parecer imposs\u00edvel, e ainda dependemos de uma enorme e nunca alcan\u00e7ada efici\u00eancia da gest\u00e3o p\u00fablica. A alternativa est\u00e1 na situa\u00e7\u00e3o do Rio &#8212; lindo s\u00f3 na foto do Cristo de bra\u00e7os abertos.<\/p>\n<p>&nbsp;<\/p>\n<p><strong>Waze da rota mais curta<\/strong><\/p>\n<p>&nbsp;<\/p>\n<p>O que seriam decis\u00f5es estrat\u00e9gicas? Para come\u00e7ar, atar a reforma do gasto p\u00fablico \u00e0 premissa do que \u00e9 priorit\u00e1rio ao Estado fazer. Conceber a retomada do investimento atendendo o que n\u00e3o d\u00e1 para adiar, como saneamento e estradas, e no que o Waze do progresso no mundo est\u00e1 a indicar como rota mais curta.<\/p>\n<p>&nbsp;<\/p>\n<p>N\u00e3o \u00e9, por exemplo, ter ind\u00fastria de equipamentos para atender ao pr\u00e9-sal, mas de explor\u00e1-lo com rapidez. Por qu\u00ea? Porque at\u00e9 o normalmente comedido FMI, o Fundo Monet\u00e1rio Internacional, avisa por meio de estudos (dois s\u00f3 este ano) que a era do petr\u00f3leo est\u00e1 no fim. \u201c\u00c9 s\u00f3 quest\u00e3o de tempo\u201d, l\u00ea-se neles.<\/p>\n<p>&nbsp;<\/p>\n<p>A dissemina\u00e7\u00e3o dos ve\u00edculos el\u00e9tricos na China, EUA e Europa e a queda do custo da energia e\u00f3lica e solar j\u00e1 retraem a demanda de petr\u00f3leo. Os futuros governantes precisar\u00e3o ter vis\u00e3o. E coragem.<\/p>\n<p>&nbsp;<\/p>\n<p><strong>O que esperar at\u00e9 2019<\/strong><\/p>\n<p>&nbsp;<\/p>\n<p>As tr\u00eas etapas \u00e0 frente, antes que o pa\u00eds possa ingressar, ou n\u00e3o, num caminho virtuoso, passam pela manuten\u00e7\u00e3o de um clima de ordem relativa at\u00e9 as elei\u00e7\u00f5es, o que implica deixar as coisas meio como est\u00e3o, seguida de um tour de force para modelar o programa das 48 horas iniciais do novo governo e, enfim, o mais dif\u00edcil: governar.<\/p>\n<p>&nbsp;<\/p>\n<p>A macroeconomia estar\u00e1 em situa\u00e7\u00e3o melhor que agora, mas com a sua parte fiscal ainda em coma. O teto do gasto p\u00fablico, programa feito para durar 20 anos, j\u00e1 est\u00e1 arqueado e precisar\u00e1 considerar o que nem foi tangenciado \u2013 tipo a desindexa\u00e7\u00e3o de pap\u00e9is referenciados \u00e0 Selic, consolida\u00e7\u00e3o de passivos p\u00fablicos, incluindo o dos estados, revis\u00e3o da estabilidade de servidores, p\u00f4r em pauta o modelo \u00fanico de pol\u00edcia, enxugar a representa\u00e7\u00e3o parlamentar, coisas assim. N\u00e3o se desinterdita o progresso com justi\u00e7a social s\u00f3 cuidando de ajuste fiscal, infla\u00e7\u00e3o, juros, c\u00e2mbio. Sinto dizer: isso \u00e9 pouco.<\/p>\n<p>&nbsp;<\/p>\n<p><em>Bras\u00edlia, 06h15min<\/em><\/p>\n","protected":false},"excerpt":{"rendered":"<p>ANTONIO MACHADO Com os \u00faltimos tr\u00eas presidentes da mesma coaliz\u00e3o governante desde 2003 denunciados, inclusive o atual, um deles condenado a quase 10 anos de pris\u00e3o, j\u00e1 seria bizarro que coubesse ao PMDB, s\u00f3cio atleta da trinca, desfazer o que fez o PT, \u201cdono\u201d da lamban\u00e7a de dimens\u00f5es amaz\u00f4nicas. Tal como a JBS, mais vistoso [&hellip;]<\/p>\n","protected":false},"author":22,"featured_media":0,"comment_status":"open","ping_status":"closed","sticky":false,"template":"","format":"standard","meta":{"footnotes":""},"categories":[600],"tags":[255,2403,23,153,2742,422,125,2741],"class_list":["post-6128","post","type-post","status-publish","format-standard","hentry","category-economia","tag-corrupcao","tag-dilma","tag-lula","tag-pmdb","tag-presidentes","tag-pt","tag-temer","tag-tres"],"_links":{"self":[{"href":"https:\/\/blogs.correiobraziliense.com.br\/vicente\/wp-json\/wp\/v2\/posts\/6128","targetHints":{"allow":["GET"]}}],"collection":[{"href":"https:\/\/blogs.correiobraziliense.com.br\/vicente\/wp-json\/wp\/v2\/posts"}],"about":[{"href":"https:\/\/blogs.correiobraziliense.com.br\/vicente\/wp-json\/wp\/v2\/types\/post"}],"author":[{"embeddable":true,"href":"https:\/\/blogs.correiobraziliense.com.br\/vicente\/wp-json\/wp\/v2\/users\/22"}],"replies":[{"embeddable":true,"href":"https:\/\/blogs.correiobraziliense.com.br\/vicente\/wp-json\/wp\/v2\/comments?post=6128"}],"version-history":[{"count":1,"href":"https:\/\/blogs.correiobraziliense.com.br\/vicente\/wp-json\/wp\/v2\/posts\/6128\/revisions"}],"predecessor-version":[{"id":6129,"href":"https:\/\/blogs.correiobraziliense.com.br\/vicente\/wp-json\/wp\/v2\/posts\/6128\/revisions\/6129"}],"wp:attachment":[{"href":"https:\/\/blogs.correiobraziliense.com.br\/vicente\/wp-json\/wp\/v2\/media?parent=6128"}],"wp:term":[{"taxonomy":"category","embeddable":true,"href":"https:\/\/blogs.correiobraziliense.com.br\/vicente\/wp-json\/wp\/v2\/categories?post=6128"},{"taxonomy":"post_tag","embeddable":true,"href":"https:\/\/blogs.correiobraziliense.com.br\/vicente\/wp-json\/wp\/v2\/tags?post=6128"}],"curies":[{"name":"wp","href":"https:\/\/api.w.org\/{rel}","templated":true}]}}