{"id":6116,"date":"2017-09-15T06:24:37","date_gmt":"2017-09-15T09:24:37","guid":{"rendered":"https:\/\/blogs.correiobraziliense.com.br\/vicente\/?p=6116"},"modified":"2017-09-15T11:33:30","modified_gmt":"2017-09-15T14:33:30","slug":"com-temer-na-berlinda-reformas-ficarao-para-depois","status":"publish","type":"post","link":"https:\/\/blogs.correiobraziliense.com.br\/vicente\/com-temer-na-berlinda-reformas-ficarao-para-depois\/","title":{"rendered":"Com Temer na berlinda, reformas ficar\u00e3o para depois"},"content":{"rendered":"<h2>ANTONIO TEM\u00d3TEO<\/h2>\n<h2><\/h2>\n<h2>A nova den\u00fancia contra o presidente Michel Temer, enviada nesta quinta-feira, 14, ao Supremo Tribunal Federal (STF) pelo procurador-geral da Rep\u00fablica, Rodrigo Janot, paralisar\u00e1 o Congresso Nacional novamente e adiar\u00e1 ainda mais os debates sobre a reforma da Previd\u00eancia. O governo concentrar\u00e1 esfor\u00e7os em negociar votos para barrar o andamento da den\u00fancia e perder\u00e1 tempo para convencer os aliados a manter o apoio ao chefe do Executivo.<\/h2>\n<p>&nbsp;<\/p>\n<p>Com isso, mais cargos ser\u00e3o negociados e as press\u00f5es, por parte do Centr\u00e3o, para que o PSDB reduza seu espa\u00e7o no primeiro escal\u00e3o devem se intensificar. Parlamentares j\u00e1 avaliam que Temer pode ser obrigado a substituir, nas pr\u00f3ximas semanas, o secret\u00e1rio de Rela\u00e7\u00f5es Institucionais, Antonio Imbassahy (PSDB-BA). Parte significativa da base tem antipatia pelo tucano e cobra a troca do principal interlocutor do governo com o Congresso para apaziguar os \u00e2nimos.<\/p>\n<p>&nbsp;<\/p>\n<p>Na avalia\u00e7\u00e3o do deputado Rubens Bueno (PPS-PR), Temer enfrentar\u00e1 uma s\u00e9rie de dificuldades para escapar de virar r\u00e9u e ser afastado do cargo diante da nova den\u00fancia apresentada. O peemedebista \u00e9 acusado dos crimes de organiza\u00e7\u00e3o criminosa e obstru\u00e7\u00e3o de Justi\u00e7a.&#8221;Desta vez, ser\u00e1 muito dif\u00edcil Temer escapar. A acusa\u00e7\u00e3o \u00e9 forte e as provas s\u00e3o robustas com rela\u00e7\u00e3o ao envolvimento dele no esquema. Essa hist\u00f3ria de \u2018eu n\u00e3o sabia\u2019, adotada pelo ex-presidente Lula l\u00e1 no mensal\u00e3o, n\u00e3o cola mais. N\u00e3o \u00e9 \u00e0 toa que o petista hoje \u00e9 r\u00e9u em cinco processos e apontado como chefe de quadrilha. O mesmo deve acontecer com Temer\u201d, avalia Bueno, que \u00e9 integrante da Comiss\u00e3o de Constitui\u00e7\u00e3o e Justi\u00e7a da C\u00e2mara, colegiado respons\u00e1vel por analisar a den\u00fancia contra o presidente antes da vota\u00e7\u00e3o em plen\u00e1rio.<\/p>\n<p>&nbsp;<\/p>\n<p>O parlamentar que representa o estado do Paran\u00e1 relembrou que a base parlamentar est\u00e1 enfraquecida e dividida diante da s\u00e9rie de den\u00fancias que pesam contra integrantes do governo. Com isso, Temer n\u00e3o deve encontrar na C\u00e2mara as mesmas facilidades que teve para escapar do prosseguimento da primeira den\u00fancia. \u201cNa primeira den\u00fancia, ele usou de todos os artif\u00edcios, como a libera\u00e7\u00e3o desenfreada de emendas, para escapar. Agora, a conta de sua base fisiol\u00f3gica deve ser muito maior e tenho minhas d\u00favidas se ele conseguir\u00e1 escapar\u201d, diz.<\/p>\n<p>&nbsp;<\/p>\n<p><strong>Bolsa<\/strong><\/p>\n<p>&nbsp;<\/p>\n<p>A piora do ambiente tamb\u00e9m deve refletir em um aumento da percep\u00e7\u00e3o de risco em rela\u00e7\u00e3o ao pa\u00eds. Com isso, a tend\u00eancia \u00e9 de um mau-humor do mercado, que pode se materializar em nova queda da Bolsa de Valores de S\u00e3o Paulo (B3) e alta do d\u00f3lar. No preg\u00e3o desta quinta-feira, 14, a bolsa interrompeu s\u00e9rie de tr\u00eas altas consecutivas e encerrou o dia em queda de 0,18%, aos 74.657. O resultado foi influenciado pelo mercado internacional, com quedas dos principais \u00edndices.<\/p>\n<p>&nbsp;<\/p>\n<p>Nesta sexta-feira, entretanto, o desempenho ser\u00e1 atrelado a fatores dom\u00e9sticos. Na avalia\u00e7\u00e3o de Guilherme Mac\u00eado, s\u00f3cio da Vokin Investimentos, o mercado deve abrir em baixa, mas se recuperar\u00e1 ao longo do dia. Para ele, n\u00e3o h\u00e1 na den\u00fancia fatos novos, que possam comprometer ainda mais o presidente Temer nos esc\u00e2ndalos de corrup\u00e7\u00e3o. \u201cVeio o que o mercado esperava. Todos sabiam que vinha flecha\u201d, destaca.<\/p>\n<p>&nbsp;<\/p>\n<p>Diante da piora do ambiente pol\u00edtico, um banqueiro que preferiu anonimato avalia que Temer ter\u00e1 de gastar o pouco do capital pol\u00edtico que sobra para permanecer no Pal\u00e1cio do Planalto. Com isso, as chances de a reforma da Previd\u00eancia ficar engavetada at\u00e9 o pr\u00f3ximo governo aumentam significativamente. O mesmo executivo relembra que esse cen\u00e1rio afeta o balan\u00e7o de riscos do Banco Central (BC), que indicou que pode subir juros se esse ambiente afetar as expectativas de infla\u00e7\u00e3o. \u201cSe o clima pol\u00edtico continuar ruim e tivermos uma virada do mercado internacional, ainda favor\u00e1vel, a situa\u00e7\u00e3o ser\u00e1 preocupante\u201d, alerta.<\/p>\n<p>&nbsp;<\/p>\n<p>O mercado entretanto, est\u00e1 dividido se esse ambiente ruim afetar\u00e1 a economia real ou o processo de recupera\u00e7\u00e3o continuar\u00e1 a despeito da crise pol\u00edtica. Os \u00faltimos indicadores antecedentes de produ\u00e7\u00e3o e vendas t\u00eam animado investidores, que aguardavam uma sinaliza\u00e7\u00e3o em rela\u00e7\u00e3o a tramita\u00e7\u00e3o da reforma da Previd\u00eancia para voltar a aplicar no pa\u00eds. Agora, todos voltar\u00e3o ao compasso de espera at\u00e9 que o cen\u00e1rio pol\u00edtico se defina, mesmo que muitos avaliem que a tend\u00eancia \u00e9 que o chefe do Executivo permane\u00e7a no posto at\u00e9 o fim de 2018.<\/p>\n<p>&nbsp;<\/p>\n<p><em>Bras\u00edlia, 06h24min<\/em><\/p>\n","protected":false},"excerpt":{"rendered":"<p>ANTONIO TEM\u00d3TEO A nova den\u00fancia contra o presidente Michel Temer, enviada nesta quinta-feira, 14, ao Supremo Tribunal Federal (STF) pelo procurador-geral da Rep\u00fablica, Rodrigo Janot, paralisar\u00e1 o Congresso Nacional novamente e adiar\u00e1 ainda mais os debates sobre a reforma da Previd\u00eancia. O governo concentrar\u00e1 esfor\u00e7os em negociar votos para barrar o andamento da den\u00fancia e [&hellip;]<\/p>\n","protected":false},"author":22,"featured_media":0,"comment_status":"open","ping_status":"closed","sticky":false,"template":"","format":"standard","meta":{"footnotes":""},"categories":[600],"tags":[1372,255,1078,2405,429,666,125],"class_list":["post-6116","post","type-post","status-publish","format-standard","hentry","category-economia","tag-atraso","tag-corrupcao","tag-denuncia","tag-michel","tag-previdencia","tag-reformas","tag-temer"],"_links":{"self":[{"href":"https:\/\/blogs.correiobraziliense.com.br\/vicente\/wp-json\/wp\/v2\/posts\/6116","targetHints":{"allow":["GET"]}}],"collection":[{"href":"https:\/\/blogs.correiobraziliense.com.br\/vicente\/wp-json\/wp\/v2\/posts"}],"about":[{"href":"https:\/\/blogs.correiobraziliense.com.br\/vicente\/wp-json\/wp\/v2\/types\/post"}],"author":[{"embeddable":true,"href":"https:\/\/blogs.correiobraziliense.com.br\/vicente\/wp-json\/wp\/v2\/users\/22"}],"replies":[{"embeddable":true,"href":"https:\/\/blogs.correiobraziliense.com.br\/vicente\/wp-json\/wp\/v2\/comments?post=6116"}],"version-history":[{"count":1,"href":"https:\/\/blogs.correiobraziliense.com.br\/vicente\/wp-json\/wp\/v2\/posts\/6116\/revisions"}],"predecessor-version":[{"id":6117,"href":"https:\/\/blogs.correiobraziliense.com.br\/vicente\/wp-json\/wp\/v2\/posts\/6116\/revisions\/6117"}],"wp:attachment":[{"href":"https:\/\/blogs.correiobraziliense.com.br\/vicente\/wp-json\/wp\/v2\/media?parent=6116"}],"wp:term":[{"taxonomy":"category","embeddable":true,"href":"https:\/\/blogs.correiobraziliense.com.br\/vicente\/wp-json\/wp\/v2\/categories?post=6116"},{"taxonomy":"post_tag","embeddable":true,"href":"https:\/\/blogs.correiobraziliense.com.br\/vicente\/wp-json\/wp\/v2\/tags?post=6116"}],"curies":[{"name":"wp","href":"https:\/\/api.w.org\/{rel}","templated":true}]}}