{"id":6114,"date":"2017-09-14T19:13:21","date_gmt":"2017-09-14T22:13:21","guid":{"rendered":"https:\/\/blogs.correiobraziliense.com.br\/vicente\/?p=6114"},"modified":"2017-09-14T20:18:27","modified_gmt":"2017-09-14T23:18:27","slug":"governo-corre-para-liberar-ate-r-10-bi-do-orcamento","status":"publish","type":"post","link":"https:\/\/blogs.correiobraziliense.com.br\/vicente\/governo-corre-para-liberar-ate-r-10-bi-do-orcamento\/","title":{"rendered":"Governo corre para liberar at\u00e9 R$ 10 bi do Or\u00e7amento"},"content":{"rendered":"<p>Com as novas metas fiscais sancionadas, e em meio \u00e0 segunda den\u00fancia do procurador-geral da Rep\u00fablica, Rodrigo Janot, contra o presidente Michel Temer, a equipe econ\u00f4mica est\u00e1 ultimando os preparativos para anunciar, na semana que vem, um descontingenciamento entre R$ 8 bilh\u00f5es e R$ 10 bilh\u00f5es do Or\u00e7amento.<\/p>\n<p>&nbsp;<\/p>\n<p>Segundo um integrante do governo, esses recursos ser\u00e3o suficientes para manter a m\u00e1quina p\u00fablica funcionando at\u00e9 o fim do ano. Todos os \u00f3rg\u00e3os est\u00e3o com corda no pesco\u00e7o.<\/p>\n<p>&nbsp;<\/p>\n<p><em>Bras\u00edlia, 19h13min<\/em><\/p>\n","protected":false},"excerpt":{"rendered":"<p>Com as novas metas fiscais sancionadas, e em meio \u00e0 segunda den\u00fancia do procurador-geral da Rep\u00fablica, Rodrigo Janot, contra o presidente Michel Temer, a equipe econ\u00f4mica est\u00e1 ultimando os preparativos para anunciar, na semana que vem, um descontingenciamento entre R$ 8 bilh\u00f5es e R$ 10 bilh\u00f5es do Or\u00e7amento. &nbsp; Segundo um integrante do governo, esses [&hellip;]<\/p>\n","protected":false},"author":22,"featured_media":0,"comment_status":"open","ping_status":"closed","sticky":false,"template":"","format":"standard","meta":{"footnotes":""},"categories":[600],"tags":[],"class_list":["post-6114","post","type-post","status-publish","format-standard","hentry","category-economia"],"_links":{"self":[{"href":"https:\/\/blogs.correiobraziliense.com.br\/vicente\/wp-json\/wp\/v2\/posts\/6114","targetHints":{"allow":["GET"]}}],"collection":[{"href":"https:\/\/blogs.correiobraziliense.com.br\/vicente\/wp-json\/wp\/v2\/posts"}],"about":[{"href":"https:\/\/blogs.correiobraziliense.com.br\/vicente\/wp-json\/wp\/v2\/types\/post"}],"author":[{"embeddable":true,"href":"https:\/\/blogs.correiobraziliense.com.br\/vicente\/wp-json\/wp\/v2\/users\/22"}],"replies":[{"embeddable":true,"href":"https:\/\/blogs.correiobraziliense.com.br\/vicente\/wp-json\/wp\/v2\/comments?post=6114"}],"version-history":[{"count":1,"href":"https:\/\/blogs.correiobraziliense.com.br\/vicente\/wp-json\/wp\/v2\/posts\/6114\/revisions"}],"predecessor-version":[{"id":6115,"href":"https:\/\/blogs.correiobraziliense.com.br\/vicente\/wp-json\/wp\/v2\/posts\/6114\/revisions\/6115"}],"wp:attachment":[{"href":"https:\/\/blogs.correiobraziliense.com.br\/vicente\/wp-json\/wp\/v2\/media?parent=6114"}],"wp:term":[{"taxonomy":"category","embeddable":true,"href":"https:\/\/blogs.correiobraziliense.com.br\/vicente\/wp-json\/wp\/v2\/categories?post=6114"},{"taxonomy":"post_tag","embeddable":true,"href":"https:\/\/blogs.correiobraziliense.com.br\/vicente\/wp-json\/wp\/v2\/tags?post=6114"}],"curies":[{"name":"wp","href":"https:\/\/api.w.org\/{rel}","templated":true}]}}