{"id":6104,"date":"2017-09-14T17:37:41","date_gmt":"2017-09-14T20:37:41","guid":{"rendered":"https:\/\/blogs.correiobraziliense.com.br\/vicente\/?p=6104"},"modified":"2017-09-14T19:47:50","modified_gmt":"2017-09-14T22:47:50","slug":"temer-vai-afastar-moreira-e-padilha-ja-que-foram-denunciados","status":"publish","type":"post","link":"https:\/\/blogs.correiobraziliense.com.br\/vicente\/temer-vai-afastar-moreira-e-padilha-ja-que-foram-denunciados\/","title":{"rendered":"Temer vai afastar Moreira e Padilha, j\u00e1 que foram denunciados?"},"content":{"rendered":"<h2>O presidente Michel Temer, denunciado pela segunda vez ao Supremo Tribunal Federal (STF) pelo procurador-geral da Rep\u00fablica, Rodrigo Janot, cumprir\u00e1 a promessa de afastar dois de seus principais ministros: Moreira Franco (Secretaria-Geral da Presid\u00eancia) e Eliseu Padilha (Casa Civil)? Os dois foram acusados, na mesma den\u00fancia, de forma\u00e7\u00e3o de quadrilha.<\/h2>\n<p>&nbsp;<\/p>\n<p>Temer, por diversas vezes, disse que, caso um dos seus auxiliares mais pr\u00f3ximo fosse denunciado, seria, imediatamente, afastado do cargo para que pudesse se defender. Resta saber se ele cumprir\u00e1 a promessa. N\u00e3o se pode esquecer que Moreira e Padilha s\u00e3o as dois integrantes do governo mais pr\u00f3ximos do presidente. E trabalharam pesado para o impeachment de Dilma Rousseff.<\/p>\n<p>&nbsp;<\/p>\n<p>Apesar de esperada, a segunda den\u00fancia de Janot contra Temer, acusado de chefiar uma organiza\u00e7\u00e3o criminosa e de obstru\u00e7\u00e3o de Justi\u00e7a, causou alvoro\u00e7o no Pal\u00e1cio do Planalto. A ordem expressa do presidente \u00e9 para que todos os aliados desqualifiquem Janot, que est\u00e1 sob suspeita no caso da dela\u00e7\u00e3o da JBS. O Planalto vai se apegar, sobretudo, \u00e0s rela\u00e7\u00f5es perigosas de Marcelo Miller, ex-procurador da Rep\u00fablica e ex-assessor direto de Janot, com os irm\u00e3os Joesley e Weslwy Bastis, que est\u00e3o presos.<\/p>\n<p>&nbsp;<\/p>\n<p>Para o Planalto, Janot perdeu muito respaldo. Por isso, a orienta\u00e7\u00e3o \u00e9 destacar todos os pontos fracos do procurador-geral, que deixar\u00e1 o cargo nesta sexta-feira, 15. Temer acredita que est\u00e1 mais fortalecido para enfrentar essa segunda den\u00fancia. H\u00e1 d\u00favidas, por\u00e9m, entre integrantes da base aliada. N\u00e3o h\u00e1 garantia de que a maioria est\u00e1 fechada com o presidente.<\/p>\n<p>&nbsp;<\/p>\n<p><strong>Mercados<\/strong><\/p>\n<p>&nbsp;<\/p>\n<p>No mercado financeiro, o clima \u00e9 de apreens\u00e3o. A aposta \u00e9 de que a abertura das negocia\u00e7\u00f5es na sexta-feira, 15, ser\u00e1 ruim. Mas, aos poucos, os investidores devem reduzir o estresse, diante da suspei\u00e7\u00e3o que recai sobre Janot. Para analistas, ainda \u00e9 poss\u00edvel que Temer, com a ajuda da maioria do Congresso, consiga se livrar de mais uma den\u00fancia.<\/p>\n<p>&nbsp;<\/p>\n<p>Outra corrente do mercado diz que, no caso de Temer ser afastado, Rodrigo Maia, presidente da C\u00e2mara, assumir\u00e1 o comando do pa\u00eds. E ele \u00e9 muito alinhado com o pensamento dos investidores e fechado com a equipe econ\u00f4mica liderada pelo ministro da Fazenda, Henrique Meirelles.<\/p>\n<p>&nbsp;<\/p>\n<p>Os analistas destacam \u00e9 que, com as elei\u00e7\u00f5es se aproximando, o Congresso pode optar por manter Temer para n\u00e3o provocar mais estragos na economia. Na verdade, com ou sem Temer, o que o mercado quer saber \u00e9 se o governo conseguir\u00e1 levar adiante a reforma da Previd\u00eancia Social. A segunda den\u00fancia contra Temer certamente dificulta o andamento do projeto que altera o sistema de aposentadoria.<\/p>\n<p>&nbsp;<\/p>\n<p><em>Bras\u00edlia, 17h37min<\/em><\/p>\n","protected":false},"excerpt":{"rendered":"<p>O presidente Michel Temer, denunciado pela segunda vez ao Supremo Tribunal Federal (STF) pelo procurador-geral da Rep\u00fablica, Rodrigo Janot, cumprir\u00e1 a promessa de afastar dois de seus principais ministros: Moreira Franco (Secretaria-Geral da Presid\u00eancia) e Eliseu Padilha (Casa Civil)? Os dois foram acusados, na mesma den\u00fancia, de forma\u00e7\u00e3o de quadrilha. &nbsp; Temer, por diversas vezes, [&hellip;]<\/p>\n","protected":false},"author":22,"featured_media":0,"comment_status":"open","ping_status":"closed","sticky":false,"template":"","format":"standard","meta":{"footnotes":""},"categories":[600],"tags":[1078,2361,2405,1844,2737,2459,125],"class_list":["post-6104","post","type-post","status-publish","format-standard","hentry","category-economia","tag-denuncia","tag-janot","tag-michel","tag-moreira","tag-padilha","tag-rodrigo","tag-temer"],"_links":{"self":[{"href":"https:\/\/blogs.correiobraziliense.com.br\/vicente\/wp-json\/wp\/v2\/posts\/6104","targetHints":{"allow":["GET"]}}],"collection":[{"href":"https:\/\/blogs.correiobraziliense.com.br\/vicente\/wp-json\/wp\/v2\/posts"}],"about":[{"href":"https:\/\/blogs.correiobraziliense.com.br\/vicente\/wp-json\/wp\/v2\/types\/post"}],"author":[{"embeddable":true,"href":"https:\/\/blogs.correiobraziliense.com.br\/vicente\/wp-json\/wp\/v2\/users\/22"}],"replies":[{"embeddable":true,"href":"https:\/\/blogs.correiobraziliense.com.br\/vicente\/wp-json\/wp\/v2\/comments?post=6104"}],"version-history":[{"count":9,"href":"https:\/\/blogs.correiobraziliense.com.br\/vicente\/wp-json\/wp\/v2\/posts\/6104\/revisions"}],"predecessor-version":[{"id":6113,"href":"https:\/\/blogs.correiobraziliense.com.br\/vicente\/wp-json\/wp\/v2\/posts\/6104\/revisions\/6113"}],"wp:attachment":[{"href":"https:\/\/blogs.correiobraziliense.com.br\/vicente\/wp-json\/wp\/v2\/media?parent=6104"}],"wp:term":[{"taxonomy":"category","embeddable":true,"href":"https:\/\/blogs.correiobraziliense.com.br\/vicente\/wp-json\/wp\/v2\/categories?post=6104"},{"taxonomy":"post_tag","embeddable":true,"href":"https:\/\/blogs.correiobraziliense.com.br\/vicente\/wp-json\/wp\/v2\/tags?post=6104"}],"curies":[{"name":"wp","href":"https:\/\/api.w.org\/{rel}","templated":true}]}}