{"id":6102,"date":"2017-09-14T15:01:17","date_gmt":"2017-09-14T18:01:17","guid":{"rendered":"https:\/\/blogs.correiobraziliense.com.br\/vicente\/?p=6102"},"modified":"2017-09-14T18:21:37","modified_gmt":"2017-09-14T21:21:37","slug":"arrogancia-do-cerimonial-do-palacio-do-planalto-parte-2","status":"publish","type":"post","link":"https:\/\/blogs.correiobraziliense.com.br\/vicente\/arrogancia-do-cerimonial-do-palacio-do-planalto-parte-2\/","title":{"rendered":"Arrog\u00e2ncia do cerimonial do Pal\u00e1cio do Planalto, parte 2"},"content":{"rendered":"<h2>N\u00e3o faltam relatos sobre a arrog\u00e2ncia e a m\u00e1 educa\u00e7\u00e3o do cerimonial do Pal\u00e1cio do Planalto, comandado pelo embaixador Pompeu Andreucci Neto, tendo como sub Mauro Furlan.<\/h2>\n<h2><\/h2>\n<h2>Um funcion\u00e1rio ligado \u00e0 Presid\u00eancia da Rep\u00fablica conta um fato ocorrido em agosto deste ano, no dia em que o Michel Temer anunciou a libera\u00e7\u00e3o de R$ 15,9 bilh\u00f5es do PIS e do Pasep para idosos.<\/h2>\n<p>&nbsp;<\/p>\n<p>O roteiro previsto para o an\u00fancio era o seguinte: primeiro, falaria o presidente do Banco Nacional de Desenvolvimento Econ\u00f4mico e Social (BNDES), Paulo Rabello de Castro. Em seguida, o ministro do Planejamento, Dyogo Oliveira. O presidente faria o encerramento.<\/p>\n<p>&nbsp;<\/p>\n<p>Como a medida do PIS\/Pasep havia sido conclu\u00edda em cima da hora, a apresenta\u00e7\u00e3o do Dyogo atrasou. O ministro e um assessor chegaram ao Planalto faltando cerca de 10 minutos para a cerim\u00f4nia come\u00e7ar. O assessor de Dyogo chegou perto do funcion\u00e1rio que estava cuidando do computador para entregar a apresenta\u00e7\u00e3o do ministro, mas foi duramente reempreendido por Pompeu.<\/p>\n<p>&nbsp;<\/p>\n<p>O chefe do cerimonial perguntou, asperamente: &#8220;O\u00a0que \u00e9 isso?&#8221;. O assessor de Dyogo respondeu: &#8220;A apresenta\u00e7\u00e3o do ministro&#8221;. Pompeu retrucou: &#8220;Voc\u00ea \u00a0n\u00e3o vai poder botar esse pendrive no computador&#8221;. O assessor rebateu; &#8220;N\u00e3o s\u00f3 posso, como vou, embaixador&#8221;. O chefe do cerimonial gritou &#8220;Voc\u00ea acha que manda aqui?. O assessor retrucou: &#8220;N\u00e3o mando e o senhor est\u00e1 sendo inconveniente. Isso \u00e9 a apresenta\u00e7\u00e3o do ministro Dyogo, na qual ele vai anunciar uma medida importante para o governo&#8221;. Pompeu frisou: &#8220;Mas n\u00e3o vai apresentar&#8221;. E saiu do local.<\/p>\n<p>&nbsp;<\/p>\n<p>Minutos depois, apareceu o sub do cerimonial, Mauro Furlan, que questionou o assessor. A resposta do auxiliar de Dyogo foi a mesma: &#8220;Isso \u00e9 apresenta\u00e7\u00e3o do ministro&#8221;. Furlan deu as costas e deixou o sal\u00e3o onde ocorria o evento. Nervoso, Pompeu retornou ao local e repetiu: &#8220;Voc\u00eas acham que mandam aqui? Isso \u00e9 a casa do presidente, e ele \u00e9 quem manda&#8221;. O assessor, ent\u00e3o, disparou &#8220;Pode ser a casa do presidente, mas o senhor \u00e9 mal educado. E vou colocar a apresenta\u00e7\u00e3o do ministro no computado&#8221;. Pompeu, sem palavras, deu as costas e falou: &#8220;Pode colocar&#8221;.<\/p>\n<p>&nbsp;<\/p>\n<p><em>Bras\u00edlia, 15h21min<\/em><\/p>\n","protected":false},"excerpt":{"rendered":"<p>N\u00e3o faltam relatos sobre a arrog\u00e2ncia e a m\u00e1 educa\u00e7\u00e3o do cerimonial do Pal\u00e1cio do Planalto, comandado pelo embaixador Pompeu Andreucci Neto, tendo como sub Mauro Furlan. Um funcion\u00e1rio ligado \u00e0 Presid\u00eancia da Rep\u00fablica conta um fato ocorrido em agosto deste ano, no dia em que o Michel Temer anunciou a libera\u00e7\u00e3o de R$ 15,9 [&hellip;]<\/p>\n","protected":false},"author":22,"featured_media":0,"comment_status":"open","ping_status":"closed","sticky":false,"template":"","format":"standard","meta":{"footnotes":""},"categories":[600],"tags":[],"class_list":["post-6102","post","type-post","status-publish","format-standard","hentry","category-economia"],"_links":{"self":[{"href":"https:\/\/blogs.correiobraziliense.com.br\/vicente\/wp-json\/wp\/v2\/posts\/6102","targetHints":{"allow":["GET"]}}],"collection":[{"href":"https:\/\/blogs.correiobraziliense.com.br\/vicente\/wp-json\/wp\/v2\/posts"}],"about":[{"href":"https:\/\/blogs.correiobraziliense.com.br\/vicente\/wp-json\/wp\/v2\/types\/post"}],"author":[{"embeddable":true,"href":"https:\/\/blogs.correiobraziliense.com.br\/vicente\/wp-json\/wp\/v2\/users\/22"}],"replies":[{"embeddable":true,"href":"https:\/\/blogs.correiobraziliense.com.br\/vicente\/wp-json\/wp\/v2\/comments?post=6102"}],"version-history":[{"count":1,"href":"https:\/\/blogs.correiobraziliense.com.br\/vicente\/wp-json\/wp\/v2\/posts\/6102\/revisions"}],"predecessor-version":[{"id":6103,"href":"https:\/\/blogs.correiobraziliense.com.br\/vicente\/wp-json\/wp\/v2\/posts\/6102\/revisions\/6103"}],"wp:attachment":[{"href":"https:\/\/blogs.correiobraziliense.com.br\/vicente\/wp-json\/wp\/v2\/media?parent=6102"}],"wp:term":[{"taxonomy":"category","embeddable":true,"href":"https:\/\/blogs.correiobraziliense.com.br\/vicente\/wp-json\/wp\/v2\/categories?post=6102"},{"taxonomy":"post_tag","embeddable":true,"href":"https:\/\/blogs.correiobraziliense.com.br\/vicente\/wp-json\/wp\/v2\/tags?post=6102"}],"curies":[{"name":"wp","href":"https:\/\/api.w.org\/{rel}","templated":true}]}}