{"id":6097,"date":"2017-09-14T00:35:54","date_gmt":"2017-09-14T03:35:54","guid":{"rendered":"https:\/\/blogs.correiobraziliense.com.br\/vicente\/?p=6097"},"modified":"2017-09-14T12:38:48","modified_gmt":"2017-09-14T15:38:48","slug":"e-incrivel-capacidade-de-lula-de-mentir","status":"publish","type":"post","link":"https:\/\/blogs.correiobraziliense.com.br\/vicente\/e-incrivel-capacidade-de-lula-de-mentir\/","title":{"rendered":"\u00c9 incr\u00edvel a capacidade de Lula de mentir"},"content":{"rendered":"<h2>A capacidade de Lula de jogar a culpa de seus atos em cima dos outros \u00e9 impressionante. O depoimento que o ex-presidente deu ao juiz S\u00e9rgio Moro nesta quarta-feira, 13, mostra que, nesse quesito, ele \u00e9 imbat\u00edvel, um caso a ser estudado pela ci\u00eancia sobre a desfa\u00e7atez humana.<\/h2>\n<p>&nbsp;<\/p>\n<p>Foi incr\u00edvel ver o petista descrevendo seu ex-amigo, Antonio Palocci, como um homem \u201cfrio, calculista e simulador\u201d. Na verdade, Lula falava dele mesmo.<\/p>\n<p>&nbsp;<\/p>\n","protected":false},"excerpt":{"rendered":"<p>A capacidade de Lula de jogar a culpa de seus atos em cima dos outros \u00e9 impressionante. O depoimento que o ex-presidente deu ao juiz S\u00e9rgio Moro nesta quarta-feira, 13, mostra que, nesse quesito, ele \u00e9 imbat\u00edvel, um caso a ser estudado pela ci\u00eancia sobre a desfa\u00e7atez humana. &nbsp; Foi incr\u00edvel ver o petista descrevendo [&hellip;]<\/p>\n","protected":false},"author":22,"featured_media":0,"comment_status":"open","ping_status":"closed","sticky":false,"template":"","format":"standard","meta":{"footnotes":""},"categories":[600],"tags":[2217,23,2730,2392,2717,2391],"class_list":["post-6097","post","type-post","status-publish","format-standard","hentry","category-economia","tag-depoimento","tag-lula","tag-mentira","tag-moro","tag-palocci","tag-sergio"],"_links":{"self":[{"href":"https:\/\/blogs.correiobraziliense.com.br\/vicente\/wp-json\/wp\/v2\/posts\/6097","targetHints":{"allow":["GET"]}}],"collection":[{"href":"https:\/\/blogs.correiobraziliense.com.br\/vicente\/wp-json\/wp\/v2\/posts"}],"about":[{"href":"https:\/\/blogs.correiobraziliense.com.br\/vicente\/wp-json\/wp\/v2\/types\/post"}],"author":[{"embeddable":true,"href":"https:\/\/blogs.correiobraziliense.com.br\/vicente\/wp-json\/wp\/v2\/users\/22"}],"replies":[{"embeddable":true,"href":"https:\/\/blogs.correiobraziliense.com.br\/vicente\/wp-json\/wp\/v2\/comments?post=6097"}],"version-history":[{"count":1,"href":"https:\/\/blogs.correiobraziliense.com.br\/vicente\/wp-json\/wp\/v2\/posts\/6097\/revisions"}],"predecessor-version":[{"id":6098,"href":"https:\/\/blogs.correiobraziliense.com.br\/vicente\/wp-json\/wp\/v2\/posts\/6097\/revisions\/6098"}],"wp:attachment":[{"href":"https:\/\/blogs.correiobraziliense.com.br\/vicente\/wp-json\/wp\/v2\/media?parent=6097"}],"wp:term":[{"taxonomy":"category","embeddable":true,"href":"https:\/\/blogs.correiobraziliense.com.br\/vicente\/wp-json\/wp\/v2\/categories?post=6097"},{"taxonomy":"post_tag","embeddable":true,"href":"https:\/\/blogs.correiobraziliense.com.br\/vicente\/wp-json\/wp\/v2\/tags?post=6097"}],"curies":[{"name":"wp","href":"https:\/\/api.w.org\/{rel}","templated":true}]}}