{"id":6093,"date":"2017-09-14T08:49:22","date_gmt":"2017-09-14T11:49:22","guid":{"rendered":"https:\/\/blogs.correiobraziliense.com.br\/vicente\/?p=6093"},"modified":"2017-09-14T08:49:22","modified_gmt":"2017-09-14T11:49:22","slug":"ibc-br-tem-alta-de-041-em-julho","status":"publish","type":"post","link":"https:\/\/blogs.correiobraziliense.com.br\/vicente\/ibc-br-tem-alta-de-041-em-julho\/","title":{"rendered":"IBC-Br tem alta de 0,41% em julho"},"content":{"rendered":"<p>POR ANTONIO TEM\u00d3TEO<\/p>\n<p>&nbsp;<\/p>\n<p>O \u00cdndice de Atividade Econ\u00f4mica do Banco Central (IBC-Br) registrou alta de 0,41% em julho em rela\u00e7\u00e3o a junho. O indicador da autoridade monet\u00e1ria apontou que nos sete primeiros meses do ano o crescimento chega a 0,14%, o que sinaliza recupera\u00e7\u00e3o da economia brasileira.<\/p>\n<p>&nbsp;<\/p>\n<p>Entretanto, o IBC-Br apontou queda de 1,44% nos \u00faltimos 12 meses encerrados em julho. O indicador \u00e9 uma medida\u00a0\u00a0antecedente da evolu\u00e7\u00e3o da atividade econ\u00f4mica. Incorpora estimativas para a agropecu\u00e1ria, a ind\u00fastria e o setor de servi\u00e7os, assim como os impostos sobre os produtos.<\/p>\n<p>&nbsp;<\/p>\n<p>Conforme o BC, o IBC-Br incorpora a trajet\u00f3ria de vari\u00e1veis consideradas como proxies (medidas aproximadas de outras) para o desempenho dos tr\u00eas principais setores da economia. Para muitos \u00e9 uma pr\u00e9via do Produto Interno Bruto (PIB).<\/p>\n","protected":false},"excerpt":{"rendered":"<p>POR ANTONIO TEM\u00d3TEO &nbsp; O \u00cdndice de Atividade Econ\u00f4mica do Banco Central (IBC-Br) registrou alta de 0,41% em julho em rela\u00e7\u00e3o a junho. O indicador da autoridade monet\u00e1ria apontou que nos sete primeiros meses do ano o crescimento chega a 0,14%, o que sinaliza recupera\u00e7\u00e3o da economia brasileira. &nbsp; Entretanto, o IBC-Br apontou queda de [&hellip;]<\/p>\n","protected":false},"author":22,"featured_media":0,"comment_status":"open","ping_status":"closed","sticky":false,"template":"","format":"standard","meta":{"footnotes":""},"categories":[600],"tags":[3,106,113,589,2580],"class_list":["post-6093","post","type-post","status-publish","format-standard","hentry","category-economia","tag-banco-central","tag-bc","tag-crescimento","tag-economia","tag-ibc-br"],"_links":{"self":[{"href":"https:\/\/blogs.correiobraziliense.com.br\/vicente\/wp-json\/wp\/v2\/posts\/6093","targetHints":{"allow":["GET"]}}],"collection":[{"href":"https:\/\/blogs.correiobraziliense.com.br\/vicente\/wp-json\/wp\/v2\/posts"}],"about":[{"href":"https:\/\/blogs.correiobraziliense.com.br\/vicente\/wp-json\/wp\/v2\/types\/post"}],"author":[{"embeddable":true,"href":"https:\/\/blogs.correiobraziliense.com.br\/vicente\/wp-json\/wp\/v2\/users\/22"}],"replies":[{"embeddable":true,"href":"https:\/\/blogs.correiobraziliense.com.br\/vicente\/wp-json\/wp\/v2\/comments?post=6093"}],"version-history":[{"count":1,"href":"https:\/\/blogs.correiobraziliense.com.br\/vicente\/wp-json\/wp\/v2\/posts\/6093\/revisions"}],"predecessor-version":[{"id":6094,"href":"https:\/\/blogs.correiobraziliense.com.br\/vicente\/wp-json\/wp\/v2\/posts\/6093\/revisions\/6094"}],"wp:attachment":[{"href":"https:\/\/blogs.correiobraziliense.com.br\/vicente\/wp-json\/wp\/v2\/media?parent=6093"}],"wp:term":[{"taxonomy":"category","embeddable":true,"href":"https:\/\/blogs.correiobraziliense.com.br\/vicente\/wp-json\/wp\/v2\/categories?post=6093"},{"taxonomy":"post_tag","embeddable":true,"href":"https:\/\/blogs.correiobraziliense.com.br\/vicente\/wp-json\/wp\/v2\/tags?post=6093"}],"curies":[{"name":"wp","href":"https:\/\/api.w.org\/{rel}","templated":true}]}}