{"id":6087,"date":"2017-09-13T15:49:45","date_gmt":"2017-09-13T18:49:45","guid":{"rendered":"https:\/\/blogs.correiobraziliense.com.br\/vicente\/?p=6087"},"modified":"2017-09-13T16:04:44","modified_gmt":"2017-09-13T19:04:44","slug":"pelo-twitter-meirelles-diz-que-nao-aceitou-convite-do-psd","status":"publish","type":"post","link":"https:\/\/blogs.correiobraziliense.com.br\/vicente\/pelo-twitter-meirelles-diz-que-nao-aceitou-convite-do-psd\/","title":{"rendered":"Pelo Twitter, Meirelles diz que n\u00e3o aceitou convite do PSD"},"content":{"rendered":"<p>Diante da repercuss\u00e3o do convite do PSD, seu partido, para ser candidato \u00e0 Presid\u00eancia da Rep\u00fablica em 2018, o ministro da Fazenda, Henrique Meirelles, reagiu no Twitter. E negou que tenha aceitado o pleito.<\/p>\n<p>&nbsp;<\/p>\n<p>&#8220;Eu n\u00e3o sou pr\u00e9-candidato \u00e0 Presid\u00eancia da Rep\u00fablica. Estou concentrado em meu trabalho na Fazenda, para colocar o Brasil na rota do crescimento sustentado. Fiquei muito honrado com as palavras de todos os deputados do PSD. Seguirei debatendo pol\u00edtica econ\u00f4mica com todos os parlamentares&#8221;, disse.<\/p>\n<p>&nbsp;<\/p>\n<p>Parlamentares que estiveram no almo\u00e7o realizado nesta quarta-feira, 13, na casa de Meirelles, garantem que o ministro aceitou o convite para ser pr\u00e9-candidato pelo PSD \u00e0 Presid\u00eancia. O ministros, no entanto, n\u00e3o quer polemizar sobre esse assunto agora, para n\u00e3o atrapalhar a vota\u00e7\u00e3o de projetos importantes de interesse do governo que est\u00e3o tramitando no Congresso.<\/p>\n<p>&nbsp;<\/p>\n<p><em>Bras\u00edlia, 15h49min<\/em><\/p>\n","protected":false},"excerpt":{"rendered":"<p>Diante da repercuss\u00e3o do convite do PSD, seu partido, para ser candidato \u00e0 Presid\u00eancia da Rep\u00fablica em 2018, o ministro da Fazenda, Henrique Meirelles, reagiu no Twitter. E negou que tenha aceitado o pleito. &nbsp; &#8220;Eu n\u00e3o sou pr\u00e9-candidato \u00e0 Presid\u00eancia da Rep\u00fablica. Estou concentrado em meu trabalho na Fazenda, para colocar o Brasil na [&hellip;]<\/p>\n","protected":false},"author":22,"featured_media":0,"comment_status":"open","ping_status":"closed","sticky":false,"template":"","format":"standard","meta":{"footnotes":""},"categories":[600],"tags":[],"class_list":["post-6087","post","type-post","status-publish","format-standard","hentry","category-economia"],"_links":{"self":[{"href":"https:\/\/blogs.correiobraziliense.com.br\/vicente\/wp-json\/wp\/v2\/posts\/6087","targetHints":{"allow":["GET"]}}],"collection":[{"href":"https:\/\/blogs.correiobraziliense.com.br\/vicente\/wp-json\/wp\/v2\/posts"}],"about":[{"href":"https:\/\/blogs.correiobraziliense.com.br\/vicente\/wp-json\/wp\/v2\/types\/post"}],"author":[{"embeddable":true,"href":"https:\/\/blogs.correiobraziliense.com.br\/vicente\/wp-json\/wp\/v2\/users\/22"}],"replies":[{"embeddable":true,"href":"https:\/\/blogs.correiobraziliense.com.br\/vicente\/wp-json\/wp\/v2\/comments?post=6087"}],"version-history":[{"count":3,"href":"https:\/\/blogs.correiobraziliense.com.br\/vicente\/wp-json\/wp\/v2\/posts\/6087\/revisions"}],"predecessor-version":[{"id":6090,"href":"https:\/\/blogs.correiobraziliense.com.br\/vicente\/wp-json\/wp\/v2\/posts\/6087\/revisions\/6090"}],"wp:attachment":[{"href":"https:\/\/blogs.correiobraziliense.com.br\/vicente\/wp-json\/wp\/v2\/media?parent=6087"}],"wp:term":[{"taxonomy":"category","embeddable":true,"href":"https:\/\/blogs.correiobraziliense.com.br\/vicente\/wp-json\/wp\/v2\/categories?post=6087"},{"taxonomy":"post_tag","embeddable":true,"href":"https:\/\/blogs.correiobraziliense.com.br\/vicente\/wp-json\/wp\/v2\/tags?post=6087"}],"curies":[{"name":"wp","href":"https:\/\/api.w.org\/{rel}","templated":true}]}}