{"id":6076,"date":"2017-09-13T14:52:15","date_gmt":"2017-09-13T17:52:15","guid":{"rendered":"https:\/\/blogs.correiobraziliense.com.br\/vicente\/?p=6076"},"modified":"2017-09-13T15:47:28","modified_gmt":"2017-09-13T18:47:28","slug":"meirelles-sera-pre-candidato-presidencia-pelo-psd","status":"publish","type":"post","link":"https:\/\/blogs.correiobraziliense.com.br\/vicente\/meirelles-sera-pre-candidato-presidencia-pelo-psd\/","title":{"rendered":"Meirelles ser\u00e1 pr\u00e9-candidato \u00e0 Presid\u00eancia pelo PSD"},"content":{"rendered":"<h2>HAMILTON FERRARI<\/h2>\n<h2><\/h2>\n<h2>O ministro da Fazenda, Henrique Meirelles, j\u00e1 n\u00e3o esconde de mais ningu\u00e9m que ser\u00e1 candidato ao Pal\u00e1cio do Planalto em 2018. Nesta quarta-feira, 13, ele abriu a sua casa, no Lago Sul, uma das zonas mais nobres de Bras\u00edlia, para receber, em almo\u00e7o, a bancada do PSD. Convidado a ser pr\u00e9-candidato do partido, ele aceitou.<\/h2>\n<p>&nbsp;<\/p>\n<p>Segundo Marcos Montes (MG), l\u00edder do PSD, Meirelles recebeu a oferta com &#8220;entusiasmo&#8221;. Para o parlamentar, o nome do ministro &#8220;cai como uma luva&#8221; para o mercado. No entender de Montes, ao aceitar o convite para ser pr\u00e9-candidato \u00e0 Presid\u00eancia, Meirelles &#8220;atender\u00e1 o desejo da sociedade&#8221;.<\/p>\n<p>&nbsp;<\/p>\n<p>O PSD est\u00e1 convencido de que, com a forte rejei\u00e7\u00e3o aos pol\u00edticos tradicionais, o nome de Meirelles na lista de candidatos far\u00e1 a diferen\u00e7a. O partido acredita ainda que, com a economia melhorando \u2014 a expectativa \u00e9 de que o Produto Interno Bruto (PIB) cres\u00e7a mais de 3% em 2018 \u2014, o ministro ter\u00e1 o que apresentar.<\/p>\n<p>&nbsp;<\/p>\n<p>Meirelles nunca escondeu seu desejo de ser candidato \u00e0 Presid\u00eancia da Rep\u00fablica. \u00c9 um sonho antigo. Em 2010, trabalhou pesado para ser vice na chapa de Dilma Rousseff. Mas acabou tendo o seu nome vetado pelo PMDB, que acabou optando por Michel Temer. Dilma tamb\u00e9m trabalhou contra, pois nunca gostou de Meirelles.<\/p>\n<p>&nbsp;<\/p>\n<p><strong>Sonho frustrado<\/strong><\/p>\n<p>&nbsp;<\/p>\n<p>Meirelles come\u00e7ou a carreira pol\u00edtica em 2002, quando foi o deputado federal mais votado em Goi\u00e1s. Elegeu-se pelo PSDB, mas abriu m\u00e3o do mandato para comandar o Banco Central de Lula. Durante o per\u00edodo em que esteve no BC, tentou se viabilizar como candidato ao governo do estado de nascen\u00e7a, mas tamb\u00e9m se frustrou.<\/p>\n<p>&nbsp;<\/p>\n<p>Em 2014, j\u00e1 no PSD, cogitou a Presid\u00eancia da Rep\u00fablica, mas o partido optou por apoiar a reelei\u00e7\u00e3o de Dilma Rousseff. Agora, est\u00e1 convencido de que sua vez pode, finalmente, ter chegado. Tanto, que passou a incluir, em sua agenda, viagens para participar de cultos evang\u00e9licos. Ele acredita que esse grupo religioso pode lhe garantir muitos votos.<\/p>\n<p>&nbsp;<\/p>\n<p>Com esses movimentos pol\u00edticos, no entanto, Meirelles desagrada a c\u00fapula do PMDB do Senado, que n\u00e3o o v\u00ea com bons olhos. Como n\u00e3o \u00e9 bobo, o ministro se aproximou muito do presidente da C\u00e2mara, Rodrigo Maia, o que lhe causou desgaste com o presidente Michel Temer. Quando Temer estava amea\u00e7ado de perder o mandato, Meirelles disse que continuaria ministro se Maia assumisse. Parte do PMDB e do Planalto viu isso como trai\u00e7\u00e3o.<\/p>\n<p>&nbsp;<\/p>\n<p>Para bombar sua gest\u00e3o, Meirelles deve anunciar, nos pr\u00f3ximos dias, a revis\u00e3o das estimativas de crescimento da economia para este ano, de 0,5% para 1%. Ele vai atribuir o resultado melhor da economia \u00e0s medidas que ele adotou desde que assumiu o Minist\u00e9rio da Fazenda.<\/p>\n<p>&nbsp;<\/p>\n<p>Veja a lista dos parlamentares que estiveram no almo\u00e7o com Meirelles:<\/p>\n<p>&nbsp;<\/p>\n<p>Marcos Montes (MG)<br \/>\nAndr\u00e9 de Paula (PE)<br \/>\nAnt\u00f4nio Brito (BA)<br \/>\nAtila Lins (AM)<br \/>\nCarlos Souza (AM)<br \/>\nDiego Andrade (MG)<br \/>\nEdmar Arruda (PR)<br \/>\nEvandro Roman (PR)<br \/>\nExpedito Netto (RO)<br \/>\nF\u00e1bio Mitidieri (SE)<br \/>\nHeuler Cruvinel (GO)<br \/>\nGoulart (SP)<br \/>\nHerculano Passos (SP)<br \/>\nJefferson Campos (SP)<br \/>\nJo\u00e3o Rodrigues (SC)<br \/>\nJoaquim Passarinho (PA)<br \/>\nJos\u00e9 Nunes (BA)<br \/>\nJ\u00falio Cesar (PI)<br \/>\nMarcos Reategui (AP)<br \/>\nRaquel Muniz (MG)<br \/>\nS\u00e9rgio Brito (BA)<br \/>\nVictor Mendes (MA)<\/p>\n<p>&nbsp;<\/p>\n<p><em>Bras\u00edlia, 14h52min<\/em><\/p>\n","protected":false},"excerpt":{"rendered":"<p>HAMILTON FERRARI O ministro da Fazenda, Henrique Meirelles, j\u00e1 n\u00e3o esconde de mais ningu\u00e9m que ser\u00e1 candidato ao Pal\u00e1cio do Planalto em 2018. Nesta quarta-feira, 13, ele abriu a sua casa, no Lago Sul, uma das zonas mais nobres de Bras\u00edlia, para receber, em almo\u00e7o, a bancada do PSD. Convidado a ser pr\u00e9-candidato do partido, [&hellip;]<\/p>\n","protected":false},"author":22,"featured_media":0,"comment_status":"open","ping_status":"closed","sticky":false,"template":"","format":"standard","meta":{"footnotes":""},"categories":[600],"tags":[2431,2432,153,92,646,2390],"class_list":["post-6076","post","type-post","status-publish","format-standard","hentry","category-economia","tag-henrique","tag-meirelles","tag-pmdb","tag-presidencia","tag-psd","tag-republica"],"_links":{"self":[{"href":"https:\/\/blogs.correiobraziliense.com.br\/vicente\/wp-json\/wp\/v2\/posts\/6076","targetHints":{"allow":["GET"]}}],"collection":[{"href":"https:\/\/blogs.correiobraziliense.com.br\/vicente\/wp-json\/wp\/v2\/posts"}],"about":[{"href":"https:\/\/blogs.correiobraziliense.com.br\/vicente\/wp-json\/wp\/v2\/types\/post"}],"author":[{"embeddable":true,"href":"https:\/\/blogs.correiobraziliense.com.br\/vicente\/wp-json\/wp\/v2\/users\/22"}],"replies":[{"embeddable":true,"href":"https:\/\/blogs.correiobraziliense.com.br\/vicente\/wp-json\/wp\/v2\/comments?post=6076"}],"version-history":[{"count":10,"href":"https:\/\/blogs.correiobraziliense.com.br\/vicente\/wp-json\/wp\/v2\/posts\/6076\/revisions"}],"predecessor-version":[{"id":6086,"href":"https:\/\/blogs.correiobraziliense.com.br\/vicente\/wp-json\/wp\/v2\/posts\/6076\/revisions\/6086"}],"wp:attachment":[{"href":"https:\/\/blogs.correiobraziliense.com.br\/vicente\/wp-json\/wp\/v2\/media?parent=6076"}],"wp:term":[{"taxonomy":"category","embeddable":true,"href":"https:\/\/blogs.correiobraziliense.com.br\/vicente\/wp-json\/wp\/v2\/categories?post=6076"},{"taxonomy":"post_tag","embeddable":true,"href":"https:\/\/blogs.correiobraziliense.com.br\/vicente\/wp-json\/wp\/v2\/tags?post=6076"}],"curies":[{"name":"wp","href":"https:\/\/api.w.org\/{rel}","templated":true}]}}