{"id":6074,"date":"2017-09-13T08:36:00","date_gmt":"2017-09-13T11:36:00","guid":{"rendered":"https:\/\/blogs.correiobraziliense.com.br\/vicente\/?p=6074"},"modified":"2017-09-13T11:41:54","modified_gmt":"2017-09-13T14:41:54","slug":"coluna-do-correio-pressao-pelas-reformas","status":"publish","type":"post","link":"https:\/\/blogs.correiobraziliense.com.br\/vicente\/coluna-do-correio-pressao-pelas-reformas\/","title":{"rendered":"Coluna do Correio: Press\u00e3o pelas reformas"},"content":{"rendered":"<h2>ANTONIO TEM\u00d3TEO<\/h2>\n<h2><\/h2>\n<h2>O Comit\u00ea de Pol\u00edtica Monet\u00e1ria (Copom) abandonou a postura conservadora e deixou claro que pode ser obrigado a subir os juros caso as reformas fiscais n\u00e3o sejam aprovadas. A ata do \u00faltimo encontro, publicada ontem pelo Banco Central (BC), jogou no colo dos parlamentares a responsabilidade de aprovar as altera\u00e7\u00f5es nas regras para concess\u00e3o de benef\u00edcios do Instituto Nacional do Seguro Social (INSS). A taxa ser\u00e1 elevada, detalha a equipe de Ilan Goldfajn, em um cen\u00e1rio que contemple piora das condi\u00e7\u00f5es internacionais e frustra\u00e7\u00e3o das expectativas com o ajuste fiscal.<\/h2>\n<p>&nbsp;<\/p>\n<p>Essa perspectiva traria impacto inflacion\u00e1rio, com a alta dos pr\u00eamios de risco. E somente a alta dos juros poderia levar investidores a permanecer no pa\u00eds, j\u00e1 que cobrariam uma remunera\u00e7\u00e3o maior diante da piora dos indicadores macroecon\u00f4micos. Al\u00e9m da necessidade de promover reformas estruturantes, a autoridade monet\u00e1ria destaca que investimentos em infraestrutura, concess\u00e3o de servi\u00e7os p\u00fablicos e privatiza\u00e7\u00e3o de empresas s\u00e3o essenciais para a retomada da atividade.<\/p>\n<p>&nbsp;<\/p>\n<p>Os diretores do BC afirmam que essas medidas t\u00eam potencial para aumentar a produtividade, trazer ganhos de efici\u00eancia, maior flexibilidade da economia e melhora do ambiente de neg\u00f3cios. Mesmo com as ressalvas, os apontamentos da autoridade monet\u00e1ria ainda levam em conta um encerramento gradual do ciclo de cortes de juros. Na avalia\u00e7\u00e3o do economista-chefe do Banco Haitong, Jankiel Santos, a ata do Copom repetiu a mensagem transmitida no comunicado divulgado ap\u00f3s o encontro que reduziu os juros em um ponto percentual, para 8,25% ao ano.<\/p>\n<p>&nbsp;<\/p>\n<p>Entretanto, ele observa que o texto indica que a equipe de Ilan Goldfajn mostrou desconforto com o aparente consenso do mercado de que os pr\u00f3ximos cortes ser\u00e3o de 0,75 ponto percentual em outubro e de 0,5 em dezembro. \u201cEnquanto o documento refor\u00e7a que os resultados mais prov\u00e1veis nos pr\u00f3ximos encontros ser\u00e3o de cortes menores, tamb\u00e9m informa que mudan\u00e7as no ambiente econ\u00f4mico podem levar o BC a alterar seus planos\u201d, ressalta.<\/p>\n<p>&nbsp;<\/p>\n<p><strong>Incertezas<\/strong><\/p>\n<p>&nbsp;<\/p>\n<p>Para Santos, embora tal ajuste seja algo que todos esperariam da equipe de Ilan Goldfajn, \u00e9 curioso notar que a autoridade monet\u00e1ria deu \u00eanfase a essa abordagem. \u201cSignifica que est\u00e3o dispostos a manter o ritmo de flexibiliza\u00e7\u00e3o atual ou a afrouxar o aperto monet\u00e1rio muito mais do que o imaginado? N\u00f3s n\u00e3o pensamos assim. Acreditamos que, tendo em conta as incertezas sobre o ambiente pol\u00edtico dom\u00e9stico e internacional, o BC s\u00f3 queria manter a porta aberta para um ajuste em sua conduta, se necess\u00e1rio\u201d, destaca.<\/p>\n<p>&nbsp;<\/p>\n<p>Nas contas do economista-chefe do Banco Haitong, o BC cortar\u00e1 os juros em 0,75 ponto percentual em outubro e em 0,5 em dezembro. \u201ca taxa de juros b\u00e1sica deve permanecer em tal n\u00edvel ao longo de 2018, proporcionando, assim, a posi\u00e7\u00e3o acomodat\u00edcia de que a autoridade monet\u00e1ria brasileira julga que \u00e9 adequado para a prosperidade da economia sem estragar a din\u00e2mica favor\u00e1vel \u00e0 infla\u00e7\u00e3o\u201d, avalia.<\/p>\n<p>&nbsp;<\/p>\n<p>Na avalia\u00e7\u00e3o do economista-chefe do Ita\u00fa Unibanco, Mario Mesquita, a ata indica uma trajet\u00f3ria gradual de cortes de juros, at\u00e9 o n\u00edvel final de 7,0%. Ele destaca que h\u00e1 poucas indica\u00e7\u00f5es no texto, com suas repetidas refer\u00eancias ao fim do ciclo, que possam ser usadas para apoiar uma continua\u00e7\u00e3o do ritmo mais veloz de flexibiliza\u00e7\u00e3o. Entretanto, Mesquita afirma que o texto tamb\u00e9m sugere que o Copom n\u00e3o se mover\u00e1 bruscamente na dire\u00e7\u00e3o oposta. \u201cO que nos deixa confort\u00e1veis com a nossa expectativa de que a taxa Selic ser\u00e1 reduzida em 0,75 ponto percentual em outubro e, em seguida, em 0,5 em dezembro, encerrando o ano, e o ciclo, em 7%. Surpresas negativas ou positivas relacionadas \u00e0s perspectivas de infla\u00e7\u00e3o podem levar o Copom a se desviar dessa trajet\u00f3ria, mas n\u00e3o muito\u201d, diz.<\/p>\n","protected":false},"excerpt":{"rendered":"<p>ANTONIO TEM\u00d3TEO O Comit\u00ea de Pol\u00edtica Monet\u00e1ria (Copom) abandonou a postura conservadora e deixou claro que pode ser obrigado a subir os juros caso as reformas fiscais n\u00e3o sejam aprovadas. A ata do \u00faltimo encontro, publicada ontem pelo Banco Central (BC), jogou no colo dos parlamentares a responsabilidade de aprovar as altera\u00e7\u00f5es nas regras para [&hellip;]<\/p>\n","protected":false},"author":22,"featured_media":0,"comment_status":"open","ping_status":"closed","sticky":false,"template":"","format":"standard","meta":{"footnotes":""},"categories":[600],"tags":[107,14,408,4,2464,429,666],"class_list":["post-6074","post","type-post","status-publish","format-standard","hentry","category-economia","tag-ilan-goldfajn","tag-inflacao","tag-inss","tag-juros","tag-pressoes","tag-previdencia","tag-reformas"],"_links":{"self":[{"href":"https:\/\/blogs.correiobraziliense.com.br\/vicente\/wp-json\/wp\/v2\/posts\/6074","targetHints":{"allow":["GET"]}}],"collection":[{"href":"https:\/\/blogs.correiobraziliense.com.br\/vicente\/wp-json\/wp\/v2\/posts"}],"about":[{"href":"https:\/\/blogs.correiobraziliense.com.br\/vicente\/wp-json\/wp\/v2\/types\/post"}],"author":[{"embeddable":true,"href":"https:\/\/blogs.correiobraziliense.com.br\/vicente\/wp-json\/wp\/v2\/users\/22"}],"replies":[{"embeddable":true,"href":"https:\/\/blogs.correiobraziliense.com.br\/vicente\/wp-json\/wp\/v2\/comments?post=6074"}],"version-history":[{"count":1,"href":"https:\/\/blogs.correiobraziliense.com.br\/vicente\/wp-json\/wp\/v2\/posts\/6074\/revisions"}],"predecessor-version":[{"id":6075,"href":"https:\/\/blogs.correiobraziliense.com.br\/vicente\/wp-json\/wp\/v2\/posts\/6074\/revisions\/6075"}],"wp:attachment":[{"href":"https:\/\/blogs.correiobraziliense.com.br\/vicente\/wp-json\/wp\/v2\/media?parent=6074"}],"wp:term":[{"taxonomy":"category","embeddable":true,"href":"https:\/\/blogs.correiobraziliense.com.br\/vicente\/wp-json\/wp\/v2\/categories?post=6074"},{"taxonomy":"post_tag","embeddable":true,"href":"https:\/\/blogs.correiobraziliense.com.br\/vicente\/wp-json\/wp\/v2\/tags?post=6074"}],"curies":[{"name":"wp","href":"https:\/\/api.w.org\/{rel}","templated":true}]}}