{"id":6071,"date":"2017-09-12T14:17:25","date_gmt":"2017-09-12T17:17:25","guid":{"rendered":"https:\/\/blogs.correiobraziliense.com.br\/vicente\/?p=6071"},"modified":"2017-09-12T15:23:14","modified_gmt":"2017-09-12T18:23:14","slug":"tensao-geral-no-depoimento-de-lula-a-moro","status":"publish","type":"post","link":"https:\/\/blogs.correiobraziliense.com.br\/vicente\/tensao-geral-no-depoimento-de-lula-a-moro\/","title":{"rendered":"Tens\u00e3o geral no depoimento de Lula a Moro"},"content":{"rendered":"<h2>LEONARDO CAVALCANTI<\/h2>\n<h2><\/h2>\n<h2>Parlamentares de diferentes cores partid\u00e1rias est\u00e3o atentos ao depoimento do ex-presidente Luiz In\u00e1cio Lula da Silva a S\u00e9rgio Moro, em Curitiba, nesta quarta-feira, 13. No caso do PT, a percep\u00e7\u00e3o \u00e9 a de que, ao contr\u00e1rio do primeiro encontro cordial entre o magistrado e o petista, em maio, desta vez as rea\u00e7\u00f5es devem ser \u00e1speras, o que pode acabar com um pedido de pris\u00e3o.<\/h2>\n<p>&nbsp;<\/p>\n<p>Mesmo considerando que tal atitude n\u00e3o combinaria com o juiz titular da 13\u00aa Vara Criminal, os \u00faltimos fatos contra Lula tornam o ambiente mais tenso.<\/p>\n<p>&nbsp;<\/p>\n<p>O depoimento de Lula ocorre uma semana depois de o ex-ministro Antonio Palocci dizer que o ex-presidente recebeu propina do grupo Odebrecht. No encontro com o juiz, o petista vai responder sobre um esquema intermediado pela empreiteira para a compra de um terreno em S\u00e3o Bernardo (SP). Palocci chegou a citar um \u201cpacto de sangue\u201d entre Lula e Em\u00edlio Odebrecht.<\/p>\n<p>&nbsp;<\/p>\n<p>A bancada do PT no Congresso marcou para definir quais parlamentares ir\u00e3o a Curitiba para acompanhar o depoimento de Lula. Al\u00e9m disso, movimentos sociais pretendem fazer um ato pol\u00edtico na capital paranaense no dia no depoimento. Como ocorreu no primeiro encontro entre o petista e o magistrado, o pr\u00e9dio da Justi\u00e7a ter\u00e1 acesso restrito e arredores, bloqueados.<\/p>\n<p>&nbsp;<\/p>\n<p>A den\u00fancia do Minist\u00e9rio P\u00fablico do DF contra Lula por corrup\u00e7\u00e3o passiva quando ocupava a Presid\u00eancia apenas piora as coisas para o petista. O ex-presidente come\u00e7a a acumular pontos negativos, sem grandes rea\u00e7\u00f5es da milit\u00e2ncia.<\/p>\n<p>&nbsp;<\/p>\n<p>Em tempo: no mesmo dia do depoimento de Lula, est\u00e1 previsto o julgamento do recurso do ex-ministro Jos\u00e9 Dirceu contra a condena\u00e7\u00e3o de Moro, no TRF-4, de Porto Alegre.<\/p>\n","protected":false},"excerpt":{"rendered":"<p>LEONARDO CAVALCANTI Parlamentares de diferentes cores partid\u00e1rias est\u00e3o atentos ao depoimento do ex-presidente Luiz In\u00e1cio Lula da Silva a S\u00e9rgio Moro, em Curitiba, nesta quarta-feira, 13. No caso do PT, a percep\u00e7\u00e3o \u00e9 a de que, ao contr\u00e1rio do primeiro encontro cordial entre o magistrado e o petista, em maio, desta vez as rea\u00e7\u00f5es devem [&hellip;]<\/p>\n","protected":false},"author":22,"featured_media":0,"comment_status":"open","ping_status":"closed","sticky":false,"template":"","format":"standard","meta":{"footnotes":""},"categories":[600],"tags":[2222,2217,23,2392,2717,351,2391],"class_list":["post-6071","post","type-post","status-publish","format-standard","hentry","category-economia","tag-curitiba","tag-depoimento","tag-lula","tag-moro","tag-palocci","tag-prisao","tag-sergio"],"_links":{"self":[{"href":"https:\/\/blogs.correiobraziliense.com.br\/vicente\/wp-json\/wp\/v2\/posts\/6071","targetHints":{"allow":["GET"]}}],"collection":[{"href":"https:\/\/blogs.correiobraziliense.com.br\/vicente\/wp-json\/wp\/v2\/posts"}],"about":[{"href":"https:\/\/blogs.correiobraziliense.com.br\/vicente\/wp-json\/wp\/v2\/types\/post"}],"author":[{"embeddable":true,"href":"https:\/\/blogs.correiobraziliense.com.br\/vicente\/wp-json\/wp\/v2\/users\/22"}],"replies":[{"embeddable":true,"href":"https:\/\/blogs.correiobraziliense.com.br\/vicente\/wp-json\/wp\/v2\/comments?post=6071"}],"version-history":[{"count":1,"href":"https:\/\/blogs.correiobraziliense.com.br\/vicente\/wp-json\/wp\/v2\/posts\/6071\/revisions"}],"predecessor-version":[{"id":6072,"href":"https:\/\/blogs.correiobraziliense.com.br\/vicente\/wp-json\/wp\/v2\/posts\/6071\/revisions\/6072"}],"wp:attachment":[{"href":"https:\/\/blogs.correiobraziliense.com.br\/vicente\/wp-json\/wp\/v2\/media?parent=6071"}],"wp:term":[{"taxonomy":"category","embeddable":true,"href":"https:\/\/blogs.correiobraziliense.com.br\/vicente\/wp-json\/wp\/v2\/categories?post=6071"},{"taxonomy":"post_tag","embeddable":true,"href":"https:\/\/blogs.correiobraziliense.com.br\/vicente\/wp-json\/wp\/v2\/tags?post=6071"}],"curies":[{"name":"wp","href":"https:\/\/api.w.org\/{rel}","templated":true}]}}